{"id":37430,"date":"2024-02-13T09:06:53","date_gmt":"2024-02-13T09:06:53","guid":{"rendered":"https:\/\/www.tessvacacional.com\/blog\/?p=37430"},"modified":"2024-02-13T09:08:25","modified_gmt":"2024-02-13T09:08:25","slug":"guia-de-movilidad-sostenible-en-malaga","status":"publish","type":"post","link":"https:\/\/www.tessvacacional.com\/blog\/guia-de-movilidad-sostenible-en-malaga\/","title":{"rendered":"Gu\u00eda de movilidad sostenible en M\u00e1laga"},"content":{"rendered":"\n<p>\u00a1Bienvenido a M\u00e1laga! Esta ciudad se encuentra comprometida con el desarrollo sostenible y queremos que disfrutes al m\u00e1ximo tu estancia mientras minimizas tu impacto en el medio ambiente. Aqu\u00ed tienes una gu\u00eda de movilidad sostenible con algunas sugerencias para una movilidad m\u00e1s sana durante tu estancia en M\u00e1laga:<\/p>\n\n\n\n<ul class=\"wp-block-list\">\n<li><strong>Caminar o utilizar la bicicleta:<\/strong>&nbsp;Aprovecha las rutas cercanas y descubre la belleza de la zona de manera ecol\u00f3gica. Te dejamos en este enlace&nbsp;<a href=\"https:\/\/sig.malaga.eu\/territorio\/callejero\/?gplayers=carril-bici&amp;gp=o\">un plano<\/a>&nbsp;que te ser\u00e1 de gran ayuda.<\/li>\n\n\n\n<li><strong>Transporte p\u00fablico:<\/strong>&nbsp;Utiliza el transporte p\u00fablico local siempre que sea posible. Es una excelente manera de sumergirte en la cultura local y reducir tu huella de carbono. El transporte p\u00fablico en M\u00e1laga capital funciona muy bien, te dejamos&nbsp;<a href=\"https:\/\/www.redtransporte.com\/malaga\/autobuses-emt-malaga\/\">enlace<\/a>&nbsp;con informaci\u00f3n de las distintas l\u00edneas.<\/li>\n\n\n\n<li><strong>Compartir transporte:<\/strong>&nbsp;Si vas a destinos cercanos, considera compartir un veh\u00edculo con otros hu\u00e9spedes o utiliza servicios de carpooling para reducir el n\u00famero de veh\u00edculos en la carretera.<\/li>\n\n\n\n<li><strong>Alquiler de veh\u00edculos sostenibles:<\/strong>&nbsp;Si necesitas alquilar un veh\u00edculo, elige opciones m\u00e1s sostenibles, como veh\u00edculos el\u00e9ctricos o h\u00edbridos, cuando est\u00e9n disponibles.<\/li>\n\n\n\n<li><strong>Conducir de manera responsable:<\/strong>&nbsp;Si decides conducir, adopta pr\u00e1cticas de conducci\u00f3n eficientes para ahorrar combustible y reducir emisiones.<\/li>\n\n\n\n<li><strong>Recicla y reduce los desechos:<\/strong>&nbsp;Ay\u00fadanos a mantener el entorno limpio y saludable. Recicla y reduce los desechos tanto como sea posible durante tu estancia.<\/li>\n\n\n\n<li><strong>Apoya negocios locales:<\/strong>&nbsp;Opta por restaurantes y tiendas locales a poca distancia para apoyar la econom\u00eda local y reducir la necesidad de viajes en autom\u00f3vil.<\/li>\n<\/ul>\n\n\n\n<p>Adem\u00e1s si necesitas alojamiento sabes que podemos ayudarte con eso, entra en nuestro listado de viviendas disponibles y elige la que m\u00e1s te convenga: <a href=\"https:\/\/www.tessvacacional.com\/alquiler\/alquiler-alquileres-d0\/\">Viviendas vacacionales en M\u00e1laga<\/a><\/p>\n\n\n\n<p>Esperamos que este post haya servido de ayuda para encontrar opciones de movilidad sostenible en M\u00e1laga.<\/p>\n","protected":false},"excerpt":{"rendered":"<p>\u00a1Bienvenido a M\u00e1laga! Esta ciudad se encuentra comprometida con el desarrollo sostenible y queremos que disfrutes al m\u00e1ximo tu estancia&#8230;<\/p>\n","protected":false},"author":2,"featured_media":37431,"comment_status":"open","ping_status":"open","sticky":false,"template":"","format":"standard","meta":{"footnotes":""},"categories":[26],"tags":[],"class_list":["post-37430","post","type-post","status-publish","format-standard","has-post-thumbnail","hentry","category-consejos-practicos"],"yoast_head":"<!-- This site is optimized with the Yoast SEO plugin v27.5 - https:\/\/yoast.com\/product\/yoast-seo-wordpress\/ -->\n<title>Gu\u00eda de movilidad sostenible en M\u00e1laga - Blog<\/title>\n<meta name=\"robots\" content=\"index, follow, max-snippet:-1, max-image-preview:large, max-video-preview:-1\" \/>\n<link rel=\"canonical\" href=\"https:\/\/www.tessvacacional.com\/blog\/guia-de-movilidad-sostenible-en-malaga\/\" \/>\n<meta property=\"og:locale\" content=\"es_ES\" \/>\n<meta property=\"og:type\" content=\"article\" \/>\n<meta property=\"og:title\" content=\"Gu\u00eda de movilidad sostenible en M\u00e1laga - Blog\" \/>\n<meta property=\"og:description\" content=\"\u00a1Bienvenido a M\u00e1laga! Esta ciudad se encuentra comprometida con el desarrollo sostenible y queremos que disfrutes al m\u00e1ximo tu estancia...\" \/>\n<meta property=\"og:url\" content=\"https:\/\/www.tessvacacional.com\/blog\/guia-de-movilidad-sostenible-en-malaga\/\" \/>\n<meta property=\"og:site_name\" content=\"Blog\" \/>\n<meta property=\"article:published_time\" content=\"2024-02-13T09:06:53+00:00\" \/>\n<meta property=\"article:modified_time\" content=\"2024-02-13T09:08:25+00:00\" \/>\n<meta property=\"og:image\" content=\"https:\/\/www.tessvacacional.com\/blog\/wp-content\/uploads\/2024\/02\/metro-malaga.jpg\" \/>\n\t<meta property=\"og:image:width\" content=\"1850\" \/>\n\t<meta property=\"og:image:height\" content=\"1308\" \/>\n\t<meta property=\"og:image:type\" content=\"image\/jpeg\" \/>\n<meta name=\"author\" content=\"tessvacacional\" \/>\n<meta name=\"twitter:card\" content=\"summary_large_image\" \/>\n<meta name=\"twitter:label1\" content=\"Escrito por\" \/>\n\t<meta name=\"twitter:data1\" content=\"tessvacacional\" \/>\n\t<meta name=\"twitter:label2\" content=\"Tiempo de lectura\" \/>\n\t<meta name=\"twitter:data2\" content=\"2 minutos\" \/>\n<script type=\"application\/ld+json\" class=\"yoast-schema-graph\">{\"@context\":\"https:\\\/\\\/schema.org\",\"@graph\":[{\"@type\":\"Article\",\"@id\":\"https:\\\/\\\/www.tessvacacional.com\\\/blog\\\/guia-de-movilidad-sostenible-en-malaga\\\/#article\",\"isPartOf\":{\"@id\":\"https:\\\/\\\/www.tessvacacional.com\\\/blog\\\/guia-de-movilidad-sostenible-en-malaga\\\/\"},\"author\":{\"name\":\"tessvacacional\",\"@id\":\"https:\\\/\\\/www.tessvacacional.com\\\/blog\\\/#\\\/schema\\\/person\\\/57153d03344cda6050ec00f78e9fa3b3\"},\"headline\":\"Gu\u00eda de movilidad sostenible en M\u00e1laga\",\"datePublished\":\"2024-02-13T09:06:53+00:00\",\"dateModified\":\"2024-02-13T09:08:25+00:00\",\"mainEntityOfPage\":{\"@id\":\"https:\\\/\\\/www.tessvacacional.com\\\/blog\\\/guia-de-movilidad-sostenible-en-malaga\\\/\"},\"wordCount\":337,\"commentCount\":0,\"image\":{\"@id\":\"https:\\\/\\\/www.tessvacacional.com\\\/blog\\\/guia-de-movilidad-sostenible-en-malaga\\\/#primaryimage\"},\"thumbnailUrl\":\"https:\\\/\\\/www.tessvacacional.com\\\/blog\\\/wp-content\\\/uploads\\\/2024\\\/02\\\/metro-malaga.jpg\",\"articleSection\":[\"Consejos pr\u00e1cticos\"],\"inLanguage\":\"es\",\"potentialAction\":[{\"@type\":\"CommentAction\",\"name\":\"Comment\",\"target\":[\"https:\\\/\\\/www.tessvacacional.com\\\/blog\\\/guia-de-movilidad-sostenible-en-malaga\\\/#respond\"]}]},{\"@type\":\"WebPage\",\"@id\":\"https:\\\/\\\/www.tessvacacional.com\\\/blog\\\/guia-de-movilidad-sostenible-en-malaga\\\/\",\"url\":\"https:\\\/\\\/www.tessvacacional.com\\\/blog\\\/guia-de-movilidad-sostenible-en-malaga\\\/\",\"name\":\"Gu\u00eda de movilidad sostenible en M\u00e1laga - Blog\",\"isPartOf\":{\"@id\":\"https:\\\/\\\/www.tessvacacional.com\\\/blog\\\/#website\"},\"primaryImageOfPage\":{\"@id\":\"https:\\\/\\\/www.tessvacacional.com\\\/blog\\\/guia-de-movilidad-sostenible-en-malaga\\\/#primaryimage\"},\"image\":{\"@id\":\"https:\\\/\\\/www.tessvacacional.com\\\/blog\\\/guia-de-movilidad-sostenible-en-malaga\\\/#primaryimage\"},\"thumbnailUrl\":\"https:\\\/\\\/www.tessvacacional.com\\\/blog\\\/wp-content\\\/uploads\\\/2024\\\/02\\\/metro-malaga.jpg\",\"datePublished\":\"2024-02-13T09:06:53+00:00\",\"dateModified\":\"2024-02-13T09:08:25+00:00\",\"author\":{\"@id\":\"https:\\\/\\\/www.tessvacacional.com\\\/blog\\\/#\\\/schema\\\/person\\\/57153d03344cda6050ec00f78e9fa3b3\"},\"breadcrumb\":{\"@id\":\"https:\\\/\\\/www.tessvacacional.com\\\/blog\\\/guia-de-movilidad-sostenible-en-malaga\\\/#breadcrumb\"},\"inLanguage\":\"es\",\"potentialAction\":[{\"@type\":\"ReadAction\",\"target\":[\"https:\\\/\\\/www.tessvacacional.com\\\/blog\\\/guia-de-movilidad-sostenible-en-malaga\\\/\"]}]},{\"@type\":\"ImageObject\",\"inLanguage\":\"es\",\"@id\":\"https:\\\/\\\/www.tessvacacional.com\\\/blog\\\/guia-de-movilidad-sostenible-en-malaga\\\/#primaryimage\",\"url\":\"https:\\\/\\\/www.tessvacacional.com\\\/blog\\\/wp-content\\\/uploads\\\/2024\\\/02\\\/metro-malaga.jpg\",\"contentUrl\":\"https:\\\/\\\/www.tessvacacional.com\\\/blog\\\/wp-content\\\/uploads\\\/2024\\\/02\\\/metro-malaga.jpg\",\"width\":1850,\"height\":1308},{\"@type\":\"BreadcrumbList\",\"@id\":\"https:\\\/\\\/www.tessvacacional.com\\\/blog\\\/guia-de-movilidad-sostenible-en-malaga\\\/#breadcrumb\",\"itemListElement\":[{\"@type\":\"ListItem\",\"position\":1,\"name\":\"Home\",\"item\":\"https:\\\/\\\/www.tessvacacional.com\\\/blog\\\/\"},{\"@type\":\"ListItem\",\"position\":2,\"name\":\"Gu\u00eda de movilidad sostenible en M\u00e1laga\"}]},{\"@type\":\"WebSite\",\"@id\":\"https:\\\/\\\/www.tessvacacional.com\\\/blog\\\/#website\",\"url\":\"https:\\\/\\\/www.tessvacacional.com\\\/blog\\\/\",\"name\":\"Blog\",\"description\":\"Tessvacacional\",\"potentialAction\":[{\"@type\":\"SearchAction\",\"target\":{\"@type\":\"EntryPoint\",\"urlTemplate\":\"https:\\\/\\\/www.tessvacacional.com\\\/blog\\\/?s={search_term_string}\"},\"query-input\":{\"@type\":\"PropertyValueSpecification\",\"valueRequired\":true,\"valueName\":\"search_term_string\"}}],\"inLanguage\":\"es\"},{\"@type\":\"Person\",\"@id\":\"https:\\\/\\\/www.tessvacacional.com\\\/blog\\\/#\\\/schema\\\/person\\\/57153d03344cda6050ec00f78e9fa3b3\",\"name\":\"tessvacacional\",\"image\":{\"@type\":\"ImageObject\",\"inLanguage\":\"es\",\"@id\":\"https:\\\/\\\/secure.gravatar.com\\\/avatar\\\/43e21c785521e5c4c707dbb9342c96a53c45cbaff2be5bb91c8cc652424e07f5?s=96&d=mm&r=g\",\"url\":\"https:\\\/\\\/secure.gravatar.com\\\/avatar\\\/43e21c785521e5c4c707dbb9342c96a53c45cbaff2be5bb91c8cc652424e07f5?s=96&d=mm&r=g\",\"contentUrl\":\"https:\\\/\\\/secure.gravatar.com\\\/avatar\\\/43e21c785521e5c4c707dbb9342c96a53c45cbaff2be5bb91c8cc652424e07f5?s=96&d=mm&r=g\",\"caption\":\"tessvacacional\"},\"url\":\"https:\\\/\\\/www.tessvacacional.com\\\/blog\\\/author\\\/tessvacacional\\\/\"}]}<\/script>\n<!-- \/ Yoast SEO plugin. -->","yoast_head_json":{"title":"Gu\u00eda de movilidad sostenible en M\u00e1laga - Blog","robots":{"index":"index","follow":"follow","max-snippet":"max-snippet:-1","max-image-preview":"max-image-preview:large","max-video-preview":"max-video-preview:-1"},"canonical":"https:\/\/www.tessvacacional.com\/blog\/guia-de-movilidad-sostenible-en-malaga\/","og_locale":"es_ES","og_type":"article","og_title":"Gu\u00eda de movilidad sostenible en M\u00e1laga - Blog","og_description":"\u00a1Bienvenido a M\u00e1laga! Esta ciudad se encuentra comprometida con el desarrollo sostenible y queremos que disfrutes al m\u00e1ximo tu estancia...","og_url":"https:\/\/www.tessvacacional.com\/blog\/guia-de-movilidad-sostenible-en-malaga\/","og_site_name":"Blog","article_published_time":"2024-02-13T09:06:53+00:00","article_modified_time":"2024-02-13T09:08:25+00:00","og_image":[{"width":1850,"height":1308,"url":"https:\/\/www.tessvacacional.com\/blog\/wp-content\/uploads\/2024\/02\/metro-malaga.jpg","type":"image\/jpeg"}],"author":"tessvacacional","twitter_card":"summary_large_image","twitter_misc":{"Escrito por":"tessvacacional","Tiempo de lectura":"2 minutos"},"schema":{"@context":"https:\/\/schema.org","@graph":[{"@type":"Article","@id":"https:\/\/www.tessvacacional.com\/blog\/guia-de-movilidad-sostenible-en-malaga\/#article","isPartOf":{"@id":"https:\/\/www.tessvacacional.com\/blog\/guia-de-movilidad-sostenible-en-malaga\/"},"author":{"name":"tessvacacional","@id":"https:\/\/www.tessvacacional.com\/blog\/#\/schema\/person\/57153d03344cda6050ec00f78e9fa3b3"},"headline":"Gu\u00eda de movilidad sostenible en M\u00e1laga","datePublished":"2024-02-13T09:06:53+00:00","dateModified":"2024-02-13T09:08:25+00:00","mainEntityOfPage":{"@id":"https:\/\/www.tessvacacional.com\/blog\/guia-de-movilidad-sostenible-en-malaga\/"},"wordCount":337,"commentCount":0,"image":{"@id":"https:\/\/www.tessvacacional.com\/blog\/guia-de-movilidad-sostenible-en-malaga\/#primaryimage"},"thumbnailUrl":"https:\/\/www.tessvacacional.com\/blog\/wp-content\/uploads\/2024\/02\/metro-malaga.jpg","articleSection":["Consejos pr\u00e1cticos"],"inLanguage":"es","potentialAction":[{"@type":"CommentAction","name":"Comment","target":["https:\/\/www.tessvacacional.com\/blog\/guia-de-movilidad-sostenible-en-malaga\/#respond"]}]},{"@type":"WebPage","@id":"https:\/\/www.tessvacacional.com\/blog\/guia-de-movilidad-sostenible-en-malaga\/","url":"https:\/\/www.tessvacacional.com\/blog\/guia-de-movilidad-sostenible-en-malaga\/","name":"Gu\u00eda de movilidad sostenible en M\u00e1laga - Blog","isPartOf":{"@id":"https:\/\/www.tessvacacional.com\/blog\/#website"},"primaryImageOfPage":{"@id":"https:\/\/www.tessvacacional.com\/blog\/guia-de-movilidad-sostenible-en-malaga\/#primaryimage"},"image":{"@id":"https:\/\/www.tessvacacional.com\/blog\/guia-de-movilidad-sostenible-en-malaga\/#primaryimage"},"thumbnailUrl":"https:\/\/www.tessvacacional.com\/blog\/wp-content\/uploads\/2024\/02\/metro-malaga.jpg","datePublished":"2024-02-13T09:06:53+00:00","dateModified":"2024-02-13T09:08:25+00:00","author":{"@id":"https:\/\/www.tessvacacional.com\/blog\/#\/schema\/person\/57153d03344cda6050ec00f78e9fa3b3"},"breadcrumb":{"@id":"https:\/\/www.tessvacacional.com\/blog\/guia-de-movilidad-sostenible-en-malaga\/#breadcrumb"},"inLanguage":"es","potentialAction":[{"@type":"ReadAction","target":["https:\/\/www.tessvacacional.com\/blog\/guia-de-movilidad-sostenible-en-malaga\/"]}]},{"@type":"ImageObject","inLanguage":"es","@id":"https:\/\/www.tessvacacional.com\/blog\/guia-de-movilidad-sostenible-en-malaga\/#primaryimage","url":"https:\/\/www.tessvacacional.com\/blog\/wp-content\/uploads\/2024\/02\/metro-malaga.jpg","contentUrl":"https:\/\/www.tessvacacional.com\/blog\/wp-content\/uploads\/2024\/02\/metro-malaga.jpg","width":1850,"height":1308},{"@type":"BreadcrumbList","@id":"https:\/\/www.tessvacacional.com\/blog\/guia-de-movilidad-sostenible-en-malaga\/#breadcrumb","itemListElement":[{"@type":"ListItem","position":1,"name":"Home","item":"https:\/\/www.tessvacacional.com\/blog\/"},{"@type":"ListItem","position":2,"name":"Gu\u00eda de movilidad sostenible en M\u00e1laga"}]},{"@type":"WebSite","@id":"https:\/\/www.tessvacacional.com\/blog\/#website","url":"https:\/\/www.tessvacacional.com\/blog\/","name":"Blog","description":"Tessvacacional","potentialAction":[{"@type":"SearchAction","target":{"@type":"EntryPoint","urlTemplate":"https:\/\/www.tessvacacional.com\/blog\/?s={search_term_string}"},"query-input":{"@type":"PropertyValueSpecification","valueRequired":true,"valueName":"search_term_string"}}],"inLanguage":"es"},{"@type":"Person","@id":"https:\/\/www.tessvacacional.com\/blog\/#\/schema\/person\/57153d03344cda6050ec00f78e9fa3b3","name":"tessvacacional","image":{"@type":"ImageObject","inLanguage":"es","@id":"https:\/\/secure.gravatar.com\/avatar\/43e21c785521e5c4c707dbb9342c96a53c45cbaff2be5bb91c8cc652424e07f5?s=96&d=mm&r=g","url":"https:\/\/secure.gravatar.com\/avatar\/43e21c785521e5c4c707dbb9342c96a53c45cbaff2be5bb91c8cc652424e07f5?s=96&d=mm&r=g","contentUrl":"https:\/\/secure.gravatar.com\/avatar\/43e21c785521e5c4c707dbb9342c96a53c45cbaff2be5bb91c8cc652424e07f5?s=96&d=mm&r=g","caption":"tessvacacional"},"url":"https:\/\/www.tessvacacional.com\/blog\/author\/tessvacacional\/"}]}},"_links":{"self":[{"href":"https:\/\/www.tessvacacional.com\/blog\/wp-json\/wp\/v2\/posts\/37430","targetHints":{"allow":["GET"]}}],"collection":[{"href":"https:\/\/www.tessvacacional.com\/blog\/wp-json\/wp\/v2\/posts"}],"about":[{"href":"https:\/\/www.tessvacacional.com\/blog\/wp-json\/wp\/v2\/types\/post"}],"author":[{"embeddable":true,"href":"https:\/\/www.tessvacacional.com\/blog\/wp-json\/wp\/v2\/users\/2"}],"replies":[{"embeddable":true,"href":"https:\/\/www.tessvacacional.com\/blog\/wp-json\/wp\/v2\/comments?post=37430"}],"version-history":[{"count":2,"href":"https:\/\/www.tessvacacional.com\/blog\/wp-json\/wp\/v2\/posts\/37430\/revisions"}],"predecessor-version":[{"id":37436,"href":"https:\/\/www.tessvacacional.com\/blog\/wp-json\/wp\/v2\/posts\/37430\/revisions\/37436"}],"wp:featuredmedia":[{"embeddable":true,"href":"https:\/\/www.tessvacacional.com\/blog\/wp-json\/wp\/v2\/media\/37431"}],"wp:attachment":[{"href":"https:\/\/www.tessvacacional.com\/blog\/wp-json\/wp\/v2\/media?parent=37430"}],"wp:term":[{"taxonomy":"category","embeddable":true,"href":"https:\/\/www.tessvacacional.com\/blog\/wp-json\/wp\/v2\/categories?post=37430"},{"taxonomy":"post_tag","embeddable":true,"href":"https:\/\/www.tessvacacional.com\/blog\/wp-json\/wp\/v2\/tags?post=37430"}],"curies":[{"name":"wp","href":"https:\/\/api.w.org\/{rel}","templated":true}]}}