{"id":33729,"date":"2019-01-25T15:47:38","date_gmt":"2019-01-25T15:47:38","guid":{"rendered":"https:\/\/www.tessvacacional.com\/blog\/9-plans-with-children-to-enjoy-your-holidays-in-malaga\/"},"modified":"2022-04-25T09:51:06","modified_gmt":"2022-04-25T09:51:06","slug":"9-planes-con-ninos-para-disfrutar-de-tus-vacaciones-en-malaga","status":"publish","type":"post","link":"https:\/\/www.tessvacacional.com\/blog\/9-planes-con-ninos-para-disfrutar-de-tus-vacaciones-en-malaga\/","title":{"rendered":"9 Planes con ni\u00f1os para disfrutar de tus vacaciones en M\u00e1laga"},"content":{"rendered":"<p>Si est\u00e1s pensando en viajar a M\u00e1laga unos d\u00edas, desde Tess Vacacional te contamos algunas ideas de planes con ni\u00f1os que te van a encantar. Encontrar\u00e1s planes con ni\u00f1os en toda la Costa del Sol, todos muy cerca de M\u00e1laga en coche.<\/p>\n<p><strong>MUSEO DE LA IMAGINACI\u00d3N<\/strong><\/p>\n<p><a href=\"http:\/\/www.museoimaginacion.com\/\"><img loading=\"lazy\" decoding=\"async\" class=\"aligncenter size-full wp-image-33699\" src=\"https:\/\/www.tessvacacional.com\/blog\/wp-content\/uploads\/2019\/01\/Museo-de-la-imaginacion.png\" alt=\"museo imaginacion malaga\" width=\"1280\" height=\"720\" srcset=\"https:\/\/www.tessvacacional.com\/blog\/wp-content\/uploads\/2019\/01\/Museo-de-la-imaginacion.png 1280w, https:\/\/www.tessvacacional.com\/blog\/wp-content\/uploads\/2019\/01\/Museo-de-la-imaginacion-768x432.png 768w\" sizes=\"auto, (max-width: 1280px) 100vw, 1280px\" \/><\/a><\/p>\n<p>Todos somos ni\u00f1os, pero con el r\u00e1pido ritmo de la vida moderna, a menudo lo olvidamos. En el museo de la imaginaci\u00f3n te proponen que te sientas como un ni\u00f1o peque\u00f1o con la mente preparada para sumergirte en el mundo de las ilusiones.<\/p>\n<p>Ilusiones visuales, m\u00fasica que puedes escuchar no s\u00f3lo con los o\u00eddos, un interesante juego de luces y sombras&#8230; Todo esto y m\u00e1s lo encontrar\u00e1s visitando este museo interactivo de las ilusiones en M\u00e1laga.<\/p>\n<p>\u00a1No olvides traer una c\u00e1mara de fotos!<\/p>\n<p><strong>MUSEO AERON\u00c1UTICO DE M\u00c1LAGA<\/strong><\/p>\n<p><a href=\"https:\/\/www.aeromuseo.org\/\"><img loading=\"lazy\" decoding=\"async\" class=\"aligncenter size-full wp-image-33702\" src=\"https:\/\/www.tessvacacional.com\/blog\/wp-content\/uploads\/2019\/01\/Museo-aeronautico-malaga.png\" alt=\"museo aeronautico de Malaga\" width=\"1280\" height=\"720\" srcset=\"https:\/\/www.tessvacacional.com\/blog\/wp-content\/uploads\/2019\/01\/Museo-aeronautico-malaga.png 1280w, https:\/\/www.tessvacacional.com\/blog\/wp-content\/uploads\/2019\/01\/Museo-aeronautico-malaga-768x432.png 768w\" sizes=\"auto, (max-width: 1280px) 100vw, 1280px\" \/><\/a><\/p>\n<p>El Museo Aeron\u00e1utico de M\u00e1laga se encuentra en la terminal de pasajeros original del Aeropuerto de M\u00e1laga-Costa del Sol, junto a la terminal de Aviaci\u00f3n General. El museo cuenta con varias aeronaves expuestas, que pueden visitarse tanto en el interior como en el exterior, y en las cabinas si se solicita. A los ni\u00f1os les encantar\u00e1 abrir una caja negra, observar la evoluci\u00f3n de los uniformes del personal de vuelo, utilizar los mandos de un avi\u00f3n o entender c\u00f3mo funciona un aeropuerto.<\/p>\n<p><strong>MUSEO INTERACTIVO DE LA M\u00daSICA<\/strong><\/p>\n<p><a href=\"https:\/\/www.musicaenaccion.com\/\"><img loading=\"lazy\" decoding=\"async\" class=\"aligncenter size-full wp-image-33705\" src=\"https:\/\/www.tessvacacional.com\/blog\/wp-content\/uploads\/2019\/01\/Museo-interactivo-musica-malaga.png\" alt=\"museo interactivo de musica malaga\" width=\"1280\" height=\"720\" srcset=\"https:\/\/www.tessvacacional.com\/blog\/wp-content\/uploads\/2019\/01\/Museo-interactivo-musica-malaga.png 1280w, https:\/\/www.tessvacacional.com\/blog\/wp-content\/uploads\/2019\/01\/Museo-interactivo-musica-malaga-768x432.png 768w\" sizes=\"auto, (max-width: 1280px) 100vw, 1280px\" \/><\/a><\/p>\n<p>El MIMMA (Museo Interactivo de la M\u00fasica M\u00e1laga) invita al visitante a dialogar con la exposici\u00f3n. Cuenta con una importante colecci\u00f3n de instrumentos musicales de todo el mundo y de todas las \u00e9pocas. Dispone de salas \u00abPlease Play\u00bb, en las que se anima al p\u00fablico a aprender a trav\u00e9s de la experimentaci\u00f3n, tocando los instrumentos. A los ni\u00f1os les encantar\u00e1.<\/p>\n<p><strong>MUSEO DEL AUTOM\u00d3VIL Y DE LA MODA<\/strong><\/p>\n<p><a href=\"https:\/\/www.museoautomovilmalaga.com\/es\/\"><img loading=\"lazy\" decoding=\"async\" class=\"aligncenter size-full wp-image-33708\" src=\"https:\/\/www.tessvacacional.com\/blog\/wp-content\/uploads\/2019\/01\/Museo-automovilistico-musica-malaga.png\" alt=\"museo automovilistico malaga\" width=\"1280\" height=\"720\" srcset=\"https:\/\/www.tessvacacional.com\/blog\/wp-content\/uploads\/2019\/01\/Museo-automovilistico-musica-malaga.png 1280w, https:\/\/www.tessvacacional.com\/blog\/wp-content\/uploads\/2019\/01\/Museo-automovilistico-musica-malaga-768x432.png 768w\" sizes=\"auto, (max-width: 1280px) 100vw, 1280px\" \/><\/a><\/p>\n<p>Es un museo dedicado a la industria del autom\u00f3vil ubicado en el antiguo edificio de la Real F\u00e1brica de Tabacos.&nbsp;Los m\u00e1s de noventa veh\u00edculos expuestos pertenecen a diferentes etapas desde 1898, constituyendo una variedad representativa de modelos de las principales marcas. Adem\u00e1s, el museo alberga una secci\u00f3n de moda con sombreros, gorras y maletas de \u00e9poca.<\/p>\n<p><strong>MARIPOSARIO DE BENALM\u00c1DENA<\/strong><\/p>\n<p><a href=\"https:\/\/www.mariposariodebenalmadena.com\/\"><img loading=\"lazy\" decoding=\"async\" class=\"aligncenter size-full wp-image-33711\" src=\"https:\/\/www.tessvacacional.com\/blog\/wp-content\/uploads\/2019\/01\/Mariposario-benalmadena.png\" alt=\"mariposario de benalmadena\" width=\"1280\" height=\"720\" srcset=\"https:\/\/www.tessvacacional.com\/blog\/wp-content\/uploads\/2019\/01\/Mariposario-benalmadena.png 1280w, https:\/\/www.tessvacacional.com\/blog\/wp-content\/uploads\/2019\/01\/Mariposario-benalmadena-768x432.png 768w\" sizes=\"auto, (max-width: 1280px) 100vw, 1280px\" \/><\/a><\/p>\n<p>En un espectacular templo tailand\u00e9s podr\u00e1 pasear entre m\u00e1s de 1.500 mariposas ex\u00f3ticas de todo el mundo que vuelan libremente en un para\u00edso tropical entre cascadas y flores.<\/p>\n<p>Podr\u00e1 observar c\u00f3mo nacen, c\u00f3mo se reproducen y disfrutar aprendiendo muchas cosas sobre estos maravillosos insectos.<\/p>\n<p><strong>BIOPARC FUENGIROLA<\/strong><\/p>\n<p><a href=\"https:\/\/www.bioparcfuengirola.es\/\"><img loading=\"lazy\" decoding=\"async\" class=\"aligncenter size-full wp-image-33714\" src=\"https:\/\/www.tessvacacional.com\/blog\/wp-content\/uploads\/2019\/01\/Bioparc-fuengirola.png\" alt=\"bioparc en fuengirola\" width=\"1280\" height=\"720\" srcset=\"https:\/\/www.tessvacacional.com\/blog\/wp-content\/uploads\/2019\/01\/Bioparc-fuengirola.png 1280w, https:\/\/www.tessvacacional.com\/blog\/wp-content\/uploads\/2019\/01\/Bioparc-fuengirola-768x432.png 768w\" sizes=\"auto, (max-width: 1280px) 100vw, 1280px\" \/><\/a><\/p>\n<p>BIOPARC Fuengirola abandera un nuevo modelo de parque de animales basado en el respeto a la naturaleza y la preservaci\u00f3n de sus especies, un modelo que ya se ha convertido en una referencia a nivel europeo.<\/p>\n<p>Hablar de BIOPARC Fuengirola es referirse a un concepto diferente, un parque en el que los animales conviven en una recreaci\u00f3n de su h\u00e1bitat natural que favorece su desarrollo a todos los niveles. Visitarlo es adentrarse en un aut\u00e9ntico documental sobre los bosques tropicales m\u00e1s profundos de Madagascar, \u00c1frica Ecuatorial, el Sudeste Asi\u00e1tico y las islas del Indo-Pac\u00edfico.<\/p>\n<p>BIOPARC Fuengirola se caracteriza, entre otras cosas, por su dise\u00f1o arquitect\u00f3nico denominado zoo-inmersi\u00f3n, que sumerge al visitante en el entorno del animal. Todo el parque est\u00e1 dise\u00f1ado para que quien lo recorra se involucre en una recreaci\u00f3n del h\u00e1bitat del que proceden los animales.<\/p>\n<p><strong>AVENTURA AMAZONIA<\/strong><\/p>\n<p><a href=\"http:\/\/www.aventura-amazonia.com\/\"><img loading=\"lazy\" decoding=\"async\" class=\"aligncenter size-full wp-image-33717\" src=\"https:\/\/www.tessvacacional.com\/blog\/wp-content\/uploads\/2019\/01\/Amazonia-PixTeller.jpg\" alt=\"amazonia marbella\" width=\"1280\" height=\"720\" srcset=\"https:\/\/www.tessvacacional.com\/blog\/wp-content\/uploads\/2019\/01\/Amazonia-PixTeller.jpg 1280w, https:\/\/www.tessvacacional.com\/blog\/wp-content\/uploads\/2019\/01\/Amazonia-PixTeller-768x432.jpg 768w\" sizes=\"auto, (max-width: 1280px) 100vw, 1280px\" \/><\/a><\/p>\n<p>AVENTURA AMAZONIA MARBELLA, es el mayor parque de aventura de Andaluc\u00eda. El parque, situado a tan s\u00f3lo 500 metros de la playa, cuenta con 6 Circuitos de Aventura e incluye la mayor tirolina entre \u00e1rboles de Andaluc\u00eda con una longitud de 240 m. Con la entrada podr\u00e1s disfrutar en nuestros circuitos multiaventura de un m\u00e1ximo de 3 HORAS de Emoci\u00f3n y Adrenalina, es decir, podr\u00e1s realizar los circuitos tantas veces como quieras en ese tiempo. Tambi\u00e9n incluye el Curso de Iniciaci\u00f3n, que se realiza en circuitos especiales de pr\u00e1ctica, donde todos los participantes, adultos y ni\u00f1os, aprender\u00e1n lo b\u00e1sico para pasar un maravilloso d\u00eda de aventura. \u00a1No te lo puedes perder!<\/p>\n<p><strong>SEALIFE BENALM\u00c1DENA<\/strong><\/p>\n<p><a href=\"https:\/\/www.visitsealife.com\/benalmadena\/\"><img loading=\"lazy\" decoding=\"async\" class=\"aligncenter size-full wp-image-33720\" src=\"https:\/\/www.tessvacacional.com\/blog\/wp-content\/uploads\/2019\/01\/Sea-life-PixTeller.png\" alt=\"sea life benalmadena\" width=\"1280\" height=\"720\" srcset=\"https:\/\/www.tessvacacional.com\/blog\/wp-content\/uploads\/2019\/01\/Sea-life-PixTeller.png 1280w, https:\/\/www.tessvacacional.com\/blog\/wp-content\/uploads\/2019\/01\/Sea-life-PixTeller-768x432.png 768w\" sizes=\"auto, (max-width: 1280px) 100vw, 1280px\" \/><\/a><\/p>\n<p>Situado en Puerto Marina, este acuario le permitir\u00e1 bucear y descubrir las fascinantes criaturas que habitan nuestros oc\u00e9anos, desde las curiosas estrellas de mar hasta los legendarios tiburones. Tambi\u00e9n te recomendamos un paseo por el puerto, donde encontrar\u00e1s bares, restaurantes, tiendas locales y parques infantiles.<\/p>\n<p><strong>&nbsp;<\/strong><strong>CROCODILE PARK<\/strong><\/p>\n<p><a href=\"https:\/\/www.cocodrilospark.com\/\"><img loading=\"lazy\" decoding=\"async\" class=\"aligncenter size-full wp-image-33723\" src=\"https:\/\/www.tessvacacional.com\/blog\/wp-content\/uploads\/2019\/01\/Crocodile-park-PixTeller.png\" alt=\"crocodile park torremolinos\" width=\"1280\" height=\"720\" srcset=\"https:\/\/www.tessvacacional.com\/blog\/wp-content\/uploads\/2019\/01\/Crocodile-park-PixTeller.png 1280w, https:\/\/www.tessvacacional.com\/blog\/wp-content\/uploads\/2019\/01\/Crocodile-park-PixTeller-768x432.png 768w\" sizes=\"auto, (max-width: 1280px) 100vw, 1280px\" \/><\/a><\/p>\n<p>Situado en Torremolinos, en Crocodile Park, encontrar\u00e1s criaturas que sobreviven milagrosamente tras 200 millones de a\u00f1os de evoluci\u00f3n, que conocieron a los dinosaurios y que utilizan las mismas fr\u00edas e implacables t\u00e9cnicas de caza. A menos de dos metros ver\u00e1 cocodrilos de diferentes especies de todo el mundo y, al pasar, espiar\u00e1 los secretos de una de las criaturas m\u00e1s fascinantes del planeta.<\/p>\n<p>El lugar abarca una gran superficie con todas las secciones conectadas de forma sencilla e inteligente, con pasillos, cubiertas y caminos con muchos puntos de observaci\u00f3n, es f\u00e1cil ver a estos reptiles prehist\u00f3ricos haciendo su trabajo.<\/p>\n<p>\u00a1Un mundo de ilusi\u00f3n para compartir con tu familia!<\/p>\n<p>Estas son algunas de las muchas actividades que puede realizar con los ni\u00f1os durante sus vacaciones en M\u00e1laga y la Costa del Sol, \u00a1desde Tess Vacacional estamos seguros de que ser\u00e1n unas vacaciones inolvidables!<\/p>\n","protected":false},"excerpt":{"rendered":"<p>Si est\u00e1s pensando en viajar a M\u00e1laga unos d\u00edas, desde Tess Vacacional te contamos algunas ideas de planes con ni\u00f1os&#8230;<\/p>\n","protected":false},"author":2,"featured_media":33739,"comment_status":"closed","ping_status":"open","sticky":false,"template":"","format":"standard","meta":{"footnotes":""},"categories":[26],"tags":[23,24],"class_list":["post-33729","post","type-post","status-publish","format-standard","has-post-thumbnail","hentry","category-consejos-practicos","tag-holiday-ideas-2","tag-hospitality-2"],"yoast_head":"<!-- This site is optimized with the Yoast SEO plugin v27.5 - https:\/\/yoast.com\/product\/yoast-seo-wordpress\/ -->\n<title>9 Planes con ni\u00f1os para disfrutar de tus vacaciones en M\u00e1laga<\/title>\n<meta name=\"description\" content=\"Si est\u00e1s pensando en viajar a M\u00e1laga unos d\u00edas, desde Tess Vacacional te contamos algunas ideas de planes con ni\u00f1os que te van a encantar.\" \/>\n<meta name=\"robots\" content=\"index, follow, max-snippet:-1, max-image-preview:large, max-video-preview:-1\" \/>\n<link rel=\"canonical\" href=\"https:\/\/www.tessvacacional.com\/blog\/9-planes-con-ninos-para-disfrutar-de-tus-vacaciones-en-malaga\/\" \/>\n<meta property=\"og:locale\" content=\"es_ES\" \/>\n<meta property=\"og:type\" content=\"article\" \/>\n<meta property=\"og:title\" content=\"9 Planes con ni\u00f1os para disfrutar de tus vacaciones en M\u00e1laga\" \/>\n<meta property=\"og:description\" content=\"Si est\u00e1s pensando en viajar a M\u00e1laga unos d\u00edas, desde Tess Vacacional te contamos algunas ideas de planes con ni\u00f1os que te van a encantar.\" \/>\n<meta property=\"og:url\" content=\"https:\/\/www.tessvacacional.com\/blog\/9-planes-con-ninos-para-disfrutar-de-tus-vacaciones-en-malaga\/\" \/>\n<meta property=\"og:site_name\" content=\"Blog\" \/>\n<meta property=\"article:published_time\" content=\"2019-01-25T15:47:38+00:00\" \/>\n<meta property=\"article:modified_time\" content=\"2022-04-25T09:51:06+00:00\" \/>\n<meta property=\"og:image\" content=\"https:\/\/www.tessvacacional.com\/blog\/wp-content\/uploads\/2019\/01\/Park-PixTeller-1.png\" \/>\n\t<meta property=\"og:image:width\" content=\"1280\" \/>\n\t<meta property=\"og:image:height\" content=\"720\" \/>\n\t<meta property=\"og:image:type\" content=\"image\/png\" \/>\n<meta name=\"author\" content=\"tessvacacional\" \/>\n<meta name=\"twitter:card\" content=\"summary_large_image\" \/>\n<meta name=\"twitter:label1\" content=\"Escrito por\" \/>\n\t<meta name=\"twitter:data1\" content=\"tessvacacional\" \/>\n\t<meta name=\"twitter:label2\" content=\"Tiempo de lectura\" \/>\n\t<meta name=\"twitter:data2\" content=\"6 minutos\" \/>\n<script type=\"application\/ld+json\" class=\"yoast-schema-graph\">{\"@context\":\"https:\\\/\\\/schema.org\",\"@graph\":[{\"@type\":\"Article\",\"@id\":\"https:\\\/\\\/www.tessvacacional.com\\\/blog\\\/9-planes-con-ninos-para-disfrutar-de-tus-vacaciones-en-malaga\\\/#article\",\"isPartOf\":{\"@id\":\"https:\\\/\\\/www.tessvacacional.com\\\/blog\\\/9-planes-con-ninos-para-disfrutar-de-tus-vacaciones-en-malaga\\\/\"},\"author\":{\"name\":\"tessvacacional\",\"@id\":\"https:\\\/\\\/www.tessvacacional.com\\\/blog\\\/#\\\/schema\\\/person\\\/57153d03344cda6050ec00f78e9fa3b3\"},\"headline\":\"9 Planes con ni\u00f1os para disfrutar de tus vacaciones en M\u00e1laga\",\"datePublished\":\"2019-01-25T15:47:38+00:00\",\"dateModified\":\"2022-04-25T09:51:06+00:00\",\"mainEntityOfPage\":{\"@id\":\"https:\\\/\\\/www.tessvacacional.com\\\/blog\\\/9-planes-con-ninos-para-disfrutar-de-tus-vacaciones-en-malaga\\\/\"},\"wordCount\":939,\"image\":{\"@id\":\"https:\\\/\\\/www.tessvacacional.com\\\/blog\\\/9-planes-con-ninos-para-disfrutar-de-tus-vacaciones-en-malaga\\\/#primaryimage\"},\"thumbnailUrl\":\"https:\\\/\\\/www.tessvacacional.com\\\/blog\\\/wp-content\\\/uploads\\\/2019\\\/01\\\/Park-PixTeller-1.png\",\"keywords\":[\"holiday ideas\",\"hospitality\"],\"articleSection\":[\"Consejos pr\u00e1cticos\"],\"inLanguage\":\"es\"},{\"@type\":\"WebPage\",\"@id\":\"https:\\\/\\\/www.tessvacacional.com\\\/blog\\\/9-planes-con-ninos-para-disfrutar-de-tus-vacaciones-en-malaga\\\/\",\"url\":\"https:\\\/\\\/www.tessvacacional.com\\\/blog\\\/9-planes-con-ninos-para-disfrutar-de-tus-vacaciones-en-malaga\\\/\",\"name\":\"9 Planes con ni\u00f1os para disfrutar de tus vacaciones en M\u00e1laga\",\"isPartOf\":{\"@id\":\"https:\\\/\\\/www.tessvacacional.com\\\/blog\\\/#website\"},\"primaryImageOfPage\":{\"@id\":\"https:\\\/\\\/www.tessvacacional.com\\\/blog\\\/9-planes-con-ninos-para-disfrutar-de-tus-vacaciones-en-malaga\\\/#primaryimage\"},\"image\":{\"@id\":\"https:\\\/\\\/www.tessvacacional.com\\\/blog\\\/9-planes-con-ninos-para-disfrutar-de-tus-vacaciones-en-malaga\\\/#primaryimage\"},\"thumbnailUrl\":\"https:\\\/\\\/www.tessvacacional.com\\\/blog\\\/wp-content\\\/uploads\\\/2019\\\/01\\\/Park-PixTeller-1.png\",\"datePublished\":\"2019-01-25T15:47:38+00:00\",\"dateModified\":\"2022-04-25T09:51:06+00:00\",\"author\":{\"@id\":\"https:\\\/\\\/www.tessvacacional.com\\\/blog\\\/#\\\/schema\\\/person\\\/57153d03344cda6050ec00f78e9fa3b3\"},\"description\":\"Si est\u00e1s pensando en viajar a M\u00e1laga unos d\u00edas, desde Tess Vacacional te contamos algunas ideas de planes con ni\u00f1os que te van a encantar.\",\"breadcrumb\":{\"@id\":\"https:\\\/\\\/www.tessvacacional.com\\\/blog\\\/9-planes-con-ninos-para-disfrutar-de-tus-vacaciones-en-malaga\\\/#breadcrumb\"},\"inLanguage\":\"es\",\"potentialAction\":[{\"@type\":\"ReadAction\",\"target\":[\"https:\\\/\\\/www.tessvacacional.com\\\/blog\\\/9-planes-con-ninos-para-disfrutar-de-tus-vacaciones-en-malaga\\\/\"]}]},{\"@type\":\"ImageObject\",\"inLanguage\":\"es\",\"@id\":\"https:\\\/\\\/www.tessvacacional.com\\\/blog\\\/9-planes-con-ninos-para-disfrutar-de-tus-vacaciones-en-malaga\\\/#primaryimage\",\"url\":\"https:\\\/\\\/www.tessvacacional.com\\\/blog\\\/wp-content\\\/uploads\\\/2019\\\/01\\\/Park-PixTeller-1.png\",\"contentUrl\":\"https:\\\/\\\/www.tessvacacional.com\\\/blog\\\/wp-content\\\/uploads\\\/2019\\\/01\\\/Park-PixTeller-1.png\",\"width\":1280,\"height\":720,\"caption\":\"vacaciones en M\u00e1laga\"},{\"@type\":\"BreadcrumbList\",\"@id\":\"https:\\\/\\\/www.tessvacacional.com\\\/blog\\\/9-planes-con-ninos-para-disfrutar-de-tus-vacaciones-en-malaga\\\/#breadcrumb\",\"itemListElement\":[{\"@type\":\"ListItem\",\"position\":1,\"name\":\"Home\",\"item\":\"https:\\\/\\\/www.tessvacacional.com\\\/blog\\\/\"},{\"@type\":\"ListItem\",\"position\":2,\"name\":\"9 Planes con ni\u00f1os para disfrutar de tus vacaciones en M\u00e1laga\"}]},{\"@type\":\"WebSite\",\"@id\":\"https:\\\/\\\/www.tessvacacional.com\\\/blog\\\/#website\",\"url\":\"https:\\\/\\\/www.tessvacacional.com\\\/blog\\\/\",\"name\":\"Blog\",\"description\":\"Tessvacacional\",\"potentialAction\":[{\"@type\":\"SearchAction\",\"target\":{\"@type\":\"EntryPoint\",\"urlTemplate\":\"https:\\\/\\\/www.tessvacacional.com\\\/blog\\\/?s={search_term_string}\"},\"query-input\":{\"@type\":\"PropertyValueSpecification\",\"valueRequired\":true,\"valueName\":\"search_term_string\"}}],\"inLanguage\":\"es\"},{\"@type\":\"Person\",\"@id\":\"https:\\\/\\\/www.tessvacacional.com\\\/blog\\\/#\\\/schema\\\/person\\\/57153d03344cda6050ec00f78e9fa3b3\",\"name\":\"tessvacacional\",\"image\":{\"@type\":\"ImageObject\",\"inLanguage\":\"es\",\"@id\":\"https:\\\/\\\/secure.gravatar.com\\\/avatar\\\/43e21c785521e5c4c707dbb9342c96a53c45cbaff2be5bb91c8cc652424e07f5?s=96&d=mm&r=g\",\"url\":\"https:\\\/\\\/secure.gravatar.com\\\/avatar\\\/43e21c785521e5c4c707dbb9342c96a53c45cbaff2be5bb91c8cc652424e07f5?s=96&d=mm&r=g\",\"contentUrl\":\"https:\\\/\\\/secure.gravatar.com\\\/avatar\\\/43e21c785521e5c4c707dbb9342c96a53c45cbaff2be5bb91c8cc652424e07f5?s=96&d=mm&r=g\",\"caption\":\"tessvacacional\"},\"url\":\"https:\\\/\\\/www.tessvacacional.com\\\/blog\\\/author\\\/tessvacacional\\\/\"}]}<\/script>\n<!-- \/ Yoast SEO plugin. -->","yoast_head_json":{"title":"9 Planes con ni\u00f1os para disfrutar de tus vacaciones en M\u00e1laga","description":"Si est\u00e1s pensando en viajar a M\u00e1laga unos d\u00edas, desde Tess Vacacional te contamos algunas ideas de planes con ni\u00f1os que te van a encantar.","robots":{"index":"index","follow":"follow","max-snippet":"max-snippet:-1","max-image-preview":"max-image-preview:large","max-video-preview":"max-video-preview:-1"},"canonical":"https:\/\/www.tessvacacional.com\/blog\/9-planes-con-ninos-para-disfrutar-de-tus-vacaciones-en-malaga\/","og_locale":"es_ES","og_type":"article","og_title":"9 Planes con ni\u00f1os para disfrutar de tus vacaciones en M\u00e1laga","og_description":"Si est\u00e1s pensando en viajar a M\u00e1laga unos d\u00edas, desde Tess Vacacional te contamos algunas ideas de planes con ni\u00f1os que te van a encantar.","og_url":"https:\/\/www.tessvacacional.com\/blog\/9-planes-con-ninos-para-disfrutar-de-tus-vacaciones-en-malaga\/","og_site_name":"Blog","article_published_time":"2019-01-25T15:47:38+00:00","article_modified_time":"2022-04-25T09:51:06+00:00","og_image":[{"width":1280,"height":720,"url":"https:\/\/www.tessvacacional.com\/blog\/wp-content\/uploads\/2019\/01\/Park-PixTeller-1.png","type":"image\/png"}],"author":"tessvacacional","twitter_card":"summary_large_image","twitter_misc":{"Escrito por":"tessvacacional","Tiempo de lectura":"6 minutos"},"schema":{"@context":"https:\/\/schema.org","@graph":[{"@type":"Article","@id":"https:\/\/www.tessvacacional.com\/blog\/9-planes-con-ninos-para-disfrutar-de-tus-vacaciones-en-malaga\/#article","isPartOf":{"@id":"https:\/\/www.tessvacacional.com\/blog\/9-planes-con-ninos-para-disfrutar-de-tus-vacaciones-en-malaga\/"},"author":{"name":"tessvacacional","@id":"https:\/\/www.tessvacacional.com\/blog\/#\/schema\/person\/57153d03344cda6050ec00f78e9fa3b3"},"headline":"9 Planes con ni\u00f1os para disfrutar de tus vacaciones en M\u00e1laga","datePublished":"2019-01-25T15:47:38+00:00","dateModified":"2022-04-25T09:51:06+00:00","mainEntityOfPage":{"@id":"https:\/\/www.tessvacacional.com\/blog\/9-planes-con-ninos-para-disfrutar-de-tus-vacaciones-en-malaga\/"},"wordCount":939,"image":{"@id":"https:\/\/www.tessvacacional.com\/blog\/9-planes-con-ninos-para-disfrutar-de-tus-vacaciones-en-malaga\/#primaryimage"},"thumbnailUrl":"https:\/\/www.tessvacacional.com\/blog\/wp-content\/uploads\/2019\/01\/Park-PixTeller-1.png","keywords":["holiday ideas","hospitality"],"articleSection":["Consejos pr\u00e1cticos"],"inLanguage":"es"},{"@type":"WebPage","@id":"https:\/\/www.tessvacacional.com\/blog\/9-planes-con-ninos-para-disfrutar-de-tus-vacaciones-en-malaga\/","url":"https:\/\/www.tessvacacional.com\/blog\/9-planes-con-ninos-para-disfrutar-de-tus-vacaciones-en-malaga\/","name":"9 Planes con ni\u00f1os para disfrutar de tus vacaciones en M\u00e1laga","isPartOf":{"@id":"https:\/\/www.tessvacacional.com\/blog\/#website"},"primaryImageOfPage":{"@id":"https:\/\/www.tessvacacional.com\/blog\/9-planes-con-ninos-para-disfrutar-de-tus-vacaciones-en-malaga\/#primaryimage"},"image":{"@id":"https:\/\/www.tessvacacional.com\/blog\/9-planes-con-ninos-para-disfrutar-de-tus-vacaciones-en-malaga\/#primaryimage"},"thumbnailUrl":"https:\/\/www.tessvacacional.com\/blog\/wp-content\/uploads\/2019\/01\/Park-PixTeller-1.png","datePublished":"2019-01-25T15:47:38+00:00","dateModified":"2022-04-25T09:51:06+00:00","author":{"@id":"https:\/\/www.tessvacacional.com\/blog\/#\/schema\/person\/57153d03344cda6050ec00f78e9fa3b3"},"description":"Si est\u00e1s pensando en viajar a M\u00e1laga unos d\u00edas, desde Tess Vacacional te contamos algunas ideas de planes con ni\u00f1os que te van a encantar.","breadcrumb":{"@id":"https:\/\/www.tessvacacional.com\/blog\/9-planes-con-ninos-para-disfrutar-de-tus-vacaciones-en-malaga\/#breadcrumb"},"inLanguage":"es","potentialAction":[{"@type":"ReadAction","target":["https:\/\/www.tessvacacional.com\/blog\/9-planes-con-ninos-para-disfrutar-de-tus-vacaciones-en-malaga\/"]}]},{"@type":"ImageObject","inLanguage":"es","@id":"https:\/\/www.tessvacacional.com\/blog\/9-planes-con-ninos-para-disfrutar-de-tus-vacaciones-en-malaga\/#primaryimage","url":"https:\/\/www.tessvacacional.com\/blog\/wp-content\/uploads\/2019\/01\/Park-PixTeller-1.png","contentUrl":"https:\/\/www.tessvacacional.com\/blog\/wp-content\/uploads\/2019\/01\/Park-PixTeller-1.png","width":1280,"height":720,"caption":"vacaciones en M\u00e1laga"},{"@type":"BreadcrumbList","@id":"https:\/\/www.tessvacacional.com\/blog\/9-planes-con-ninos-para-disfrutar-de-tus-vacaciones-en-malaga\/#breadcrumb","itemListElement":[{"@type":"ListItem","position":1,"name":"Home","item":"https:\/\/www.tessvacacional.com\/blog\/"},{"@type":"ListItem","position":2,"name":"9 Planes con ni\u00f1os para disfrutar de tus vacaciones en M\u00e1laga"}]},{"@type":"WebSite","@id":"https:\/\/www.tessvacacional.com\/blog\/#website","url":"https:\/\/www.tessvacacional.com\/blog\/","name":"Blog","description":"Tessvacacional","potentialAction":[{"@type":"SearchAction","target":{"@type":"EntryPoint","urlTemplate":"https:\/\/www.tessvacacional.com\/blog\/?s={search_term_string}"},"query-input":{"@type":"PropertyValueSpecification","valueRequired":true,"valueName":"search_term_string"}}],"inLanguage":"es"},{"@type":"Person","@id":"https:\/\/www.tessvacacional.com\/blog\/#\/schema\/person\/57153d03344cda6050ec00f78e9fa3b3","name":"tessvacacional","image":{"@type":"ImageObject","inLanguage":"es","@id":"https:\/\/secure.gravatar.com\/avatar\/43e21c785521e5c4c707dbb9342c96a53c45cbaff2be5bb91c8cc652424e07f5?s=96&d=mm&r=g","url":"https:\/\/secure.gravatar.com\/avatar\/43e21c785521e5c4c707dbb9342c96a53c45cbaff2be5bb91c8cc652424e07f5?s=96&d=mm&r=g","contentUrl":"https:\/\/secure.gravatar.com\/avatar\/43e21c785521e5c4c707dbb9342c96a53c45cbaff2be5bb91c8cc652424e07f5?s=96&d=mm&r=g","caption":"tessvacacional"},"url":"https:\/\/www.tessvacacional.com\/blog\/author\/tessvacacional\/"}]}},"_links":{"self":[{"href":"https:\/\/www.tessvacacional.com\/blog\/wp-json\/wp\/v2\/posts\/33729","targetHints":{"allow":["GET"]}}],"collection":[{"href":"https:\/\/www.tessvacacional.com\/blog\/wp-json\/wp\/v2\/posts"}],"about":[{"href":"https:\/\/www.tessvacacional.com\/blog\/wp-json\/wp\/v2\/types\/post"}],"author":[{"embeddable":true,"href":"https:\/\/www.tessvacacional.com\/blog\/wp-json\/wp\/v2\/users\/2"}],"replies":[{"embeddable":true,"href":"https:\/\/www.tessvacacional.com\/blog\/wp-json\/wp\/v2\/comments?post=33729"}],"version-history":[{"count":3,"href":"https:\/\/www.tessvacacional.com\/blog\/wp-json\/wp\/v2\/posts\/33729\/revisions"}],"predecessor-version":[{"id":33742,"href":"https:\/\/www.tessvacacional.com\/blog\/wp-json\/wp\/v2\/posts\/33729\/revisions\/33742"}],"wp:featuredmedia":[{"embeddable":true,"href":"https:\/\/www.tessvacacional.com\/blog\/wp-json\/wp\/v2\/media\/33739"}],"wp:attachment":[{"href":"https:\/\/www.tessvacacional.com\/blog\/wp-json\/wp\/v2\/media?parent=33729"}],"wp:term":[{"taxonomy":"category","embeddable":true,"href":"https:\/\/www.tessvacacional.com\/blog\/wp-json\/wp\/v2\/categories?post=33729"},{"taxonomy":"post_tag","embeddable":true,"href":"https:\/\/www.tessvacacional.com\/blog\/wp-json\/wp\/v2\/tags?post=33729"}],"curies":[{"name":"wp","href":"https:\/\/api.w.org\/{rel}","templated":true}]}}