{"id":33728,"date":"2019-01-25T15:47:38","date_gmt":"2019-01-25T15:47:38","guid":{"rendered":"https:\/\/www.tessvacacional.com\/blog\/9-plans-with-children-to-enjoy-your-holidays-in-malaga\/"},"modified":"2022-04-25T09:50:44","modified_gmt":"2022-04-25T09:50:44","slug":"9-plans-avec-des-enfants-pour-profiter-de-vos-vacances-a-malaga","status":"publish","type":"post","link":"https:\/\/www.tessvacacional.com\/blog\/fr\/9-plans-avec-des-enfants-pour-profiter-de-vos-vacances-a-malaga\/","title":{"rendered":"9 Plans avec des enfants pour profiter de vos vacances \u00e0 M\u00e1laga"},"content":{"rendered":"<p>Si vous envisagez de vous rendre \u00e0 Malaga pour quelques jours, Tess Vacacional vous propose quelques id\u00e9es de s\u00e9jours avec des enfants que vous allez adorer. Vous trouverez des plans avec des enfants sur toute la Costa del Sol, tous tr\u00e8s proches de Malaga en voiture.<\/p>\n<p><strong>MUS\u00c9E DE L&rsquo;IMAGINATION<\/strong><\/p>\n<p><a href=\"http:\/\/www.museoimaginacion.com\/\"><img loading=\"lazy\" decoding=\"async\" class=\"aligncenter size-full wp-image-33699\" src=\"https:\/\/www.tessvacacional.com\/blog\/wp-content\/uploads\/2019\/01\/Museo-de-la-imaginacion.png\" alt=\"museo imaginacion malaga\" width=\"1280\" height=\"720\" srcset=\"https:\/\/www.tessvacacional.com\/blog\/wp-content\/uploads\/2019\/01\/Museo-de-la-imaginacion.png 1280w, https:\/\/www.tessvacacional.com\/blog\/wp-content\/uploads\/2019\/01\/Museo-de-la-imaginacion-768x432.png 768w\" sizes=\"auto, (max-width: 1280px) 100vw, 1280px\" \/><\/a><\/p>\n<p>Nous sommes tous des enfants, mais avec le rythme rapide de la vie moderne, nous l&rsquo;oublions souvent. Au mus\u00e9e de l&rsquo;imagination, on vous propose de vous sentir comme un petit enfant, l&rsquo;esprit pr\u00eat \u00e0 s&rsquo;immerger dans le monde des illusions.<\/p>\n<p>Des illusions visuelles, de la musique que vous n&rsquo;entendez pas seulement avec vos oreilles, un int\u00e9ressant jeu d&rsquo;ombres et de lumi\u00e8res&#8230; Vous trouverez tout cela et plus encore en visitant ce mus\u00e9e interactif des illusions \u00e0 Malaga.<\/p>\n<p>N&rsquo;oubliez pas d&rsquo;apporter votre appareil photo !<\/p>\n<p><strong>MUS\u00c9E A\u00c9RONAUTIQUE DE MALAGA<\/strong><\/p>\n<p><a href=\"https:\/\/www.aeromuseo.org\/\"><img loading=\"lazy\" decoding=\"async\" class=\"aligncenter size-full wp-image-33702\" src=\"https:\/\/www.tessvacacional.com\/blog\/wp-content\/uploads\/2019\/01\/Museo-aeronautico-malaga.png\" alt=\"museo aeronautico de Malaga\" width=\"1280\" height=\"720\" srcset=\"https:\/\/www.tessvacacional.com\/blog\/wp-content\/uploads\/2019\/01\/Museo-aeronautico-malaga.png 1280w, https:\/\/www.tessvacacional.com\/blog\/wp-content\/uploads\/2019\/01\/Museo-aeronautico-malaga-768x432.png 768w\" sizes=\"auto, (max-width: 1280px) 100vw, 1280px\" \/><\/a><\/p>\n<p>Le mus\u00e9e a\u00e9ronautique de Malaga est situ\u00e9 dans le terminal passagers original de l&rsquo;a\u00e9roport de Malaga-Costa del Sol, \u00e0 c\u00f4t\u00e9 du terminal d&rsquo;aviation g\u00e9n\u00e9rale. Le mus\u00e9e expose plusieurs avions, qui peuvent \u00eatre visit\u00e9s \u00e0 l&rsquo;int\u00e9rieur, \u00e0 l&rsquo;ext\u00e9rieur et dans des cabines sur demande. Les enfants adoreront ouvrir une bo\u00eete noire, observer l&rsquo;\u00e9volution des uniformes du personnel navigant, utiliser les commandes d&rsquo;un avion ou comprendre le fonctionnement d&rsquo;un a\u00e9roport.<\/p>\n<p><strong>MUS\u00c9E INTERACTIF DE LA MUSIQUE<\/strong><\/p>\n<p><a href=\"https:\/\/www.musicaenaccion.com\/\"><img loading=\"lazy\" decoding=\"async\" class=\"aligncenter size-full wp-image-33705\" src=\"https:\/\/www.tessvacacional.com\/blog\/wp-content\/uploads\/2019\/01\/Museo-interactivo-musica-malaga.png\" alt=\"museo interactivo de musica malaga\" width=\"1280\" height=\"720\" srcset=\"https:\/\/www.tessvacacional.com\/blog\/wp-content\/uploads\/2019\/01\/Museo-interactivo-musica-malaga.png 1280w, https:\/\/www.tessvacacional.com\/blog\/wp-content\/uploads\/2019\/01\/Museo-interactivo-musica-malaga-768x432.png 768w\" sizes=\"auto, (max-width: 1280px) 100vw, 1280px\" \/><\/a><\/p>\n<p>Le MIMMA (Museo Interactivo de la M\u00fasica M\u00e1laga) invite le visiteur \u00e0 un dialogue avec l&rsquo;exposition. Il poss\u00e8de une importante collection d&rsquo;instruments de musique du monde entier et de toutes les \u00e9poques. Il dispose de salles \u00ab\u00a0Please Play\u00a0\u00bb, dans lesquelles le public est encourag\u00e9 \u00e0 apprendre par l&rsquo;exp\u00e9rimentation, en jouant des instruments. Les enfants vont adorer !<\/p>\n<p><strong>MUS\u00c9E DE L&rsquo;AUTOMOBILE ET DE LA MODE<\/strong><\/p>\n<p><a href=\"https:\/\/www.museoautomovilmalaga.com\/es\/\"><img loading=\"lazy\" decoding=\"async\" class=\"aligncenter size-full wp-image-33708\" src=\"https:\/\/www.tessvacacional.com\/blog\/wp-content\/uploads\/2019\/01\/Museo-automovilistico-musica-malaga.png\" alt=\"museo automovilistico malaga\" width=\"1280\" height=\"720\" srcset=\"https:\/\/www.tessvacacional.com\/blog\/wp-content\/uploads\/2019\/01\/Museo-automovilistico-musica-malaga.png 1280w, https:\/\/www.tessvacacional.com\/blog\/wp-content\/uploads\/2019\/01\/Museo-automovilistico-musica-malaga-768x432.png 768w\" sizes=\"auto, (max-width: 1280px) 100vw, 1280px\" \/><\/a><\/p>\n<p>Il s&rsquo;agit d&rsquo;un mus\u00e9e d\u00e9di\u00e9 \u00e0 l&rsquo;industrie automobile situ\u00e9 dans l&rsquo;ancien b\u00e2timent de la Royal Tobacco Factory.&nbsp;Les plus de quatre-vingt-dix v\u00e9hicules expos\u00e9s appartiennent \u00e0 diff\u00e9rentes \u00e9tapes depuis 1898, constituant une vari\u00e9t\u00e9 repr\u00e9sentative de mod\u00e8les des grandes marques. En outre, le mus\u00e9e abrite une section mode avec des chapeaux, des bonnets et des valises d&rsquo;\u00e9poque.<\/p>\n<p><strong>JARDIN DES PAPILLONS DE BENALM\u00c1DENA<\/strong><\/p>\n<p><a href=\"https:\/\/www.mariposariodebenalmadena.com\/\"><img loading=\"lazy\" decoding=\"async\" class=\"aligncenter size-full wp-image-33711\" src=\"https:\/\/www.tessvacacional.com\/blog\/wp-content\/uploads\/2019\/01\/Mariposario-benalmadena.png\" alt=\"mariposario de benalmadena\" width=\"1280\" height=\"720\" srcset=\"https:\/\/www.tessvacacional.com\/blog\/wp-content\/uploads\/2019\/01\/Mariposario-benalmadena.png 1280w, https:\/\/www.tessvacacional.com\/blog\/wp-content\/uploads\/2019\/01\/Mariposario-benalmadena-768x432.png 768w\" sizes=\"auto, (max-width: 1280px) 100vw, 1280px\" \/><\/a><\/p>\n<p>Dans un temple tha\u00eflandais spectaculaire, vous pourrez vous promener parmi plus de 1 500 papillons exotiques du monde entier qui volent librement dans un paradis tropical entre cascades et fleurs.<\/p>\n<p>Vous pourrez observer comment ils naissent, comment ils se reproduisent et apprendre de nombreuses choses sur ces merveilleux insectes.<\/p>\n<p><strong>BIOPARC FUENGIROLA<\/strong><\/p>\n<p><a href=\"https:\/\/www.bioparcfuengirola.es\/\"><img loading=\"lazy\" decoding=\"async\" class=\"aligncenter size-full wp-image-33714\" src=\"https:\/\/www.tessvacacional.com\/blog\/wp-content\/uploads\/2019\/01\/Bioparc-fuengirola.png\" alt=\"bioparc en fuengirola\" width=\"1280\" height=\"720\" srcset=\"https:\/\/www.tessvacacional.com\/blog\/wp-content\/uploads\/2019\/01\/Bioparc-fuengirola.png 1280w, https:\/\/www.tessvacacional.com\/blog\/wp-content\/uploads\/2019\/01\/Bioparc-fuengirola-768x432.png 768w\" sizes=\"auto, (max-width: 1280px) 100vw, 1280px\" \/><\/a><\/p>\n<p>BIOPARC Fuengirola pr\u00e9sente un nouveau mod\u00e8le de parc animalier bas\u00e9 sur le respect de la nature et la pr\u00e9servation de ses esp\u00e8ces, un mod\u00e8le qui est d\u00e9j\u00e0 devenu une r\u00e9f\u00e9rence au niveau europ\u00e9en.<\/p>\n<p>Parler de BIOPARC Fuengirola, c&rsquo;est faire r\u00e9f\u00e9rence \u00e0 un concept diff\u00e9rent, un parc dans lequel les animaux vivent ensemble dans une recr\u00e9ation de leur habitat naturel qui favorise leur d\u00e9veloppement \u00e0 tous les niveaux. Le visiter, c&rsquo;est entrer dans un authentique documentaire sur les for\u00eats tropicales les plus profondes de Madagascar, d&rsquo;Afrique \u00e9quatoriale, d&rsquo;Asie du Sud-Est et des \u00eeles de l&rsquo;Indo-Pacifique.<\/p>\n<p>BIOPARC Fuengirola se caract\u00e9rise, entre autres, par sa conception architecturale appel\u00e9e zoo-immersion, qui immerge le visiteur dans l&rsquo;environnement de l&rsquo;animal. L&rsquo;ensemble du parc est con\u00e7u pour impliquer ceux qui le traversent dans une recr\u00e9ation de l&rsquo;habitat d&rsquo;o\u00f9 proviennent les animaux.<\/p>\n<p><strong>AVENTURA AMAZONIA<\/strong><\/p>\n<p><a href=\"http:\/\/www.aventura-amazonia.com\/\"><img loading=\"lazy\" decoding=\"async\" class=\"aligncenter size-full wp-image-33717\" src=\"https:\/\/www.tessvacacional.com\/blog\/wp-content\/uploads\/2019\/01\/Amazonia-PixTeller.jpg\" alt=\"amazonia marbella\" width=\"1280\" height=\"720\" srcset=\"https:\/\/www.tessvacacional.com\/blog\/wp-content\/uploads\/2019\/01\/Amazonia-PixTeller.jpg 1280w, https:\/\/www.tessvacacional.com\/blog\/wp-content\/uploads\/2019\/01\/Amazonia-PixTeller-768x432.jpg 768w\" sizes=\"auto, (max-width: 1280px) 100vw, 1280px\" \/><\/a><\/p>\n<p>AVENTURA AMAZONIA MARBELLA, est le plus grand parc d&rsquo;aventure d&rsquo;Andalousie. Le parc, situ\u00e9 \u00e0 seulement 500 m\u00e8tres de la plage, dispose de 6 Circuits d&rsquo;Aventure et inclut la plus grande tyrolienne entre les arbres d&rsquo;Andalousie avec une longueur de 240 m. Avec l&rsquo;entr\u00e9e, vous pouvez profiter dans nos circuits multi-aventure d&rsquo;un maximum de 3 HEURES d&rsquo;Emotion et d&rsquo;Adr\u00e9naline, c&rsquo;est-\u00e0-dire que vous pouvez faire les circuits autant de fois que vous voulez dans ce temps. Il comprend \u00e9galement le cours pour d\u00e9butants, qui se d\u00e9roule sur des circuits d&rsquo;entra\u00eenement sp\u00e9ciaux, o\u00f9 tous les participants, adultes et enfants, apprendront les bases pour une merveilleuse journ\u00e9e d&rsquo;aventure. Vous ne pouvez pas le manquer !<\/p>\n<p><strong>SEALIFE BENALM\u00c1DENA<\/strong><\/p>\n<p><a href=\"https:\/\/www.visitsealife.com\/benalmadena\/\"><img loading=\"lazy\" decoding=\"async\" class=\"aligncenter size-full wp-image-33720\" src=\"https:\/\/www.tessvacacional.com\/blog\/wp-content\/uploads\/2019\/01\/Sea-life-PixTeller.png\" alt=\"sea life benalmadena\" width=\"1280\" height=\"720\" srcset=\"https:\/\/www.tessvacacional.com\/blog\/wp-content\/uploads\/2019\/01\/Sea-life-PixTeller.png 1280w, https:\/\/www.tessvacacional.com\/blog\/wp-content\/uploads\/2019\/01\/Sea-life-PixTeller-768x432.png 768w\" sizes=\"auto, (max-width: 1280px) 100vw, 1280px\" \/><\/a><\/p>\n<p>Situ\u00e9 \u00e0 Puerto Marina, cet aquarium vous permettra de plonger et de d\u00e9couvrir les cr\u00e9atures fascinantes qui peuplent nos oc\u00e9ans, de la curieuse \u00e9toile de mer aux requins l\u00e9gendaires. Nous vous recommandons \u00e9galement une promenade autour du port, o\u00f9 vous trouverez des bars, des restaurants, des boutiques locales et des parcs pour enfants.<\/p>\n<p><strong>&nbsp;<\/strong><strong>CROCODILE PARK<\/strong><\/p>\n<p><a href=\"https:\/\/www.cocodrilospark.com\/\"><img loading=\"lazy\" decoding=\"async\" class=\"aligncenter size-full wp-image-33723\" src=\"https:\/\/www.tessvacacional.com\/blog\/wp-content\/uploads\/2019\/01\/Crocodile-park-PixTeller.png\" alt=\"crocodile park torremolinos\" width=\"1280\" height=\"720\" srcset=\"https:\/\/www.tessvacacional.com\/blog\/wp-content\/uploads\/2019\/01\/Crocodile-park-PixTeller.png 1280w, https:\/\/www.tessvacacional.com\/blog\/wp-content\/uploads\/2019\/01\/Crocodile-park-PixTeller-768x432.png 768w\" sizes=\"auto, (max-width: 1280px) 100vw, 1280px\" \/><\/a><\/p>\n<p>Situ\u00e9 \u00e0 Torremolinos, au Crocodile Park, vous trouverez des cr\u00e9atures qui survivent miraculeusement apr\u00e8s 200 millions d&rsquo;ann\u00e9es d&rsquo;\u00e9volution, qui ont connu les dinosaures et utilisent les m\u00eames techniques de chasse froides et implacables. \u00c0 moins de deux m\u00e8tres, vous verrez des crocodiles de diff\u00e9rentes esp\u00e8ces du monde entier, et en passant, vous \u00e9pierez les secrets de l&rsquo;une des cr\u00e9atures les plus fascinantes de la plan\u00e8te.<\/p>\n<p>L&rsquo;endroit s&rsquo;\u00e9tend sur une grande surface dont toutes les sections sont reli\u00e9es de mani\u00e8re simple et intelligente, avec des couloirs, des ponts et des chemins avec de nombreux points d&rsquo;observation, il est facile de voir ces reptiles pr\u00e9historiques faire leur travail.<\/p>\n<p>Un monde d&rsquo;illusion \u00e0 partager avec votre famille !<\/p>\n<p>Ce sont l\u00e0 quelques-unes des nombreuses activit\u00e9s que vous pouvez faire avec vos enfants pendant vos vacances \u00e0 Malaga et sur la Costa del Sol &#8211; Tess Vacacional vous garantit des vacances inoubliables !<\/p>\n","protected":false},"excerpt":{"rendered":"<p>Si vous envisagez de vous rendre \u00e0 Malaga pour quelques jours, Tess Vacacional vous propose quelques id\u00e9es de s\u00e9jours avec&#8230;<\/p>\n","protected":false},"author":2,"featured_media":33736,"comment_status":"closed","ping_status":"open","sticky":false,"template":"","format":"standard","meta":{"footnotes":""},"categories":[25],"tags":[20,21],"class_list":["post-33728","post","type-post","status-publish","format-standard","has-post-thumbnail","hentry","category-conseils-et-astuces","tag-holiday-ideas-fr","tag-hospitality-fr"],"yoast_head":"<!-- This site is optimized with the Yoast SEO plugin v27.5 - https:\/\/yoast.com\/product\/yoast-seo-wordpress\/ -->\n<title>9 Plans avec des enfants pour profiter de vos vacances \u00e0 M\u00e1laga<\/title>\n<meta name=\"description\" content=\"Si vous envisagez de vous rendre \u00e0 Malaga pour quelques jours, Tess Vacacional vous propose quelques id\u00e9es de s\u00e9jours que vous allez adorer.\" \/>\n<meta name=\"robots\" content=\"index, follow, max-snippet:-1, max-image-preview:large, max-video-preview:-1\" \/>\n<link rel=\"canonical\" href=\"https:\/\/www.tessvacacional.com\/blog\/fr\/9-plans-avec-des-enfants-pour-profiter-de-vos-vacances-a-malaga\/\" \/>\n<meta property=\"og:locale\" content=\"fr_FR\" \/>\n<meta property=\"og:type\" content=\"article\" \/>\n<meta property=\"og:title\" content=\"9 Plans avec des enfants pour profiter de vos vacances \u00e0 M\u00e1laga\" \/>\n<meta property=\"og:description\" content=\"Si vous envisagez de vous rendre \u00e0 Malaga pour quelques jours, Tess Vacacional vous propose quelques id\u00e9es de s\u00e9jours que vous allez adorer.\" \/>\n<meta property=\"og:url\" content=\"https:\/\/www.tessvacacional.com\/blog\/fr\/9-plans-avec-des-enfants-pour-profiter-de-vos-vacances-a-malaga\/\" \/>\n<meta property=\"og:site_name\" content=\"Blog\" \/>\n<meta property=\"article:published_time\" content=\"2019-01-25T15:47:38+00:00\" \/>\n<meta property=\"article:modified_time\" content=\"2022-04-25T09:50:44+00:00\" \/>\n<meta property=\"og:image\" content=\"https:\/\/www.tessvacacional.com\/blog\/wp-content\/uploads\/2019\/01\/Park-PixTeller.png\" \/>\n\t<meta property=\"og:image:width\" content=\"1280\" \/>\n\t<meta property=\"og:image:height\" content=\"720\" \/>\n\t<meta property=\"og:image:type\" content=\"image\/png\" \/>\n<meta name=\"author\" content=\"tessvacacional\" \/>\n<meta name=\"twitter:card\" content=\"summary_large_image\" \/>\n<meta name=\"twitter:label1\" content=\"\u00c9crit par\" \/>\n\t<meta name=\"twitter:data1\" content=\"tessvacacional\" \/>\n\t<meta name=\"twitter:label2\" content=\"Dur\u00e9e de lecture estim\u00e9e\" \/>\n\t<meta name=\"twitter:data2\" content=\"6 minutes\" \/>\n<script type=\"application\/ld+json\" class=\"yoast-schema-graph\">{\"@context\":\"https:\\\/\\\/schema.org\",\"@graph\":[{\"@type\":\"Article\",\"@id\":\"https:\\\/\\\/www.tessvacacional.com\\\/blog\\\/fr\\\/9-plans-avec-des-enfants-pour-profiter-de-vos-vacances-a-malaga\\\/#article\",\"isPartOf\":{\"@id\":\"https:\\\/\\\/www.tessvacacional.com\\\/blog\\\/fr\\\/9-plans-avec-des-enfants-pour-profiter-de-vos-vacances-a-malaga\\\/\"},\"author\":{\"name\":\"tessvacacional\",\"@id\":\"https:\\\/\\\/www.tessvacacional.com\\\/blog\\\/fr\\\/#\\\/schema\\\/person\\\/57153d03344cda6050ec00f78e9fa3b3\"},\"headline\":\"9 Plans avec des enfants pour profiter de vos vacances \u00e0 M\u00e1laga\",\"datePublished\":\"2019-01-25T15:47:38+00:00\",\"dateModified\":\"2022-04-25T09:50:44+00:00\",\"mainEntityOfPage\":{\"@id\":\"https:\\\/\\\/www.tessvacacional.com\\\/blog\\\/fr\\\/9-plans-avec-des-enfants-pour-profiter-de-vos-vacances-a-malaga\\\/\"},\"wordCount\":960,\"image\":{\"@id\":\"https:\\\/\\\/www.tessvacacional.com\\\/blog\\\/fr\\\/9-plans-avec-des-enfants-pour-profiter-de-vos-vacances-a-malaga\\\/#primaryimage\"},\"thumbnailUrl\":\"https:\\\/\\\/www.tessvacacional.com\\\/blog\\\/wp-content\\\/uploads\\\/2019\\\/01\\\/Park-PixTeller.png\",\"keywords\":[\"holiday ideas\",\"hospitality\"],\"articleSection\":[\"Conseils et Astuces\"],\"inLanguage\":\"fr-FR\"},{\"@type\":\"WebPage\",\"@id\":\"https:\\\/\\\/www.tessvacacional.com\\\/blog\\\/fr\\\/9-plans-avec-des-enfants-pour-profiter-de-vos-vacances-a-malaga\\\/\",\"url\":\"https:\\\/\\\/www.tessvacacional.com\\\/blog\\\/fr\\\/9-plans-avec-des-enfants-pour-profiter-de-vos-vacances-a-malaga\\\/\",\"name\":\"9 Plans avec des enfants pour profiter de vos vacances \u00e0 M\u00e1laga\",\"isPartOf\":{\"@id\":\"https:\\\/\\\/www.tessvacacional.com\\\/blog\\\/fr\\\/#website\"},\"primaryImageOfPage\":{\"@id\":\"https:\\\/\\\/www.tessvacacional.com\\\/blog\\\/fr\\\/9-plans-avec-des-enfants-pour-profiter-de-vos-vacances-a-malaga\\\/#primaryimage\"},\"image\":{\"@id\":\"https:\\\/\\\/www.tessvacacional.com\\\/blog\\\/fr\\\/9-plans-avec-des-enfants-pour-profiter-de-vos-vacances-a-malaga\\\/#primaryimage\"},\"thumbnailUrl\":\"https:\\\/\\\/www.tessvacacional.com\\\/blog\\\/wp-content\\\/uploads\\\/2019\\\/01\\\/Park-PixTeller.png\",\"datePublished\":\"2019-01-25T15:47:38+00:00\",\"dateModified\":\"2022-04-25T09:50:44+00:00\",\"author\":{\"@id\":\"https:\\\/\\\/www.tessvacacional.com\\\/blog\\\/fr\\\/#\\\/schema\\\/person\\\/57153d03344cda6050ec00f78e9fa3b3\"},\"description\":\"Si vous envisagez de vous rendre \u00e0 Malaga pour quelques jours, Tess Vacacional vous propose quelques id\u00e9es de s\u00e9jours que vous allez adorer.\",\"breadcrumb\":{\"@id\":\"https:\\\/\\\/www.tessvacacional.com\\\/blog\\\/fr\\\/9-plans-avec-des-enfants-pour-profiter-de-vos-vacances-a-malaga\\\/#breadcrumb\"},\"inLanguage\":\"fr-FR\",\"potentialAction\":[{\"@type\":\"ReadAction\",\"target\":[\"https:\\\/\\\/www.tessvacacional.com\\\/blog\\\/fr\\\/9-plans-avec-des-enfants-pour-profiter-de-vos-vacances-a-malaga\\\/\"]}]},{\"@type\":\"ImageObject\",\"inLanguage\":\"fr-FR\",\"@id\":\"https:\\\/\\\/www.tessvacacional.com\\\/blog\\\/fr\\\/9-plans-avec-des-enfants-pour-profiter-de-vos-vacances-a-malaga\\\/#primaryimage\",\"url\":\"https:\\\/\\\/www.tessvacacional.com\\\/blog\\\/wp-content\\\/uploads\\\/2019\\\/01\\\/Park-PixTeller.png\",\"contentUrl\":\"https:\\\/\\\/www.tessvacacional.com\\\/blog\\\/wp-content\\\/uploads\\\/2019\\\/01\\\/Park-PixTeller.png\",\"width\":1280,\"height\":720,\"caption\":\"vacances \u00e1 m\u00e1laga\"},{\"@type\":\"BreadcrumbList\",\"@id\":\"https:\\\/\\\/www.tessvacacional.com\\\/blog\\\/fr\\\/9-plans-avec-des-enfants-pour-profiter-de-vos-vacances-a-malaga\\\/#breadcrumb\",\"itemListElement\":[{\"@type\":\"ListItem\",\"position\":1,\"name\":\"Home\",\"item\":\"https:\\\/\\\/www.tessvacacional.com\\\/blog\\\/fr\\\/\"},{\"@type\":\"ListItem\",\"position\":2,\"name\":\"9 Plans avec des enfants pour profiter de vos vacances \u00e0 M\u00e1laga\"}]},{\"@type\":\"WebSite\",\"@id\":\"https:\\\/\\\/www.tessvacacional.com\\\/blog\\\/fr\\\/#website\",\"url\":\"https:\\\/\\\/www.tessvacacional.com\\\/blog\\\/fr\\\/\",\"name\":\"Blog\",\"description\":\"Tessvacacional\",\"potentialAction\":[{\"@type\":\"SearchAction\",\"target\":{\"@type\":\"EntryPoint\",\"urlTemplate\":\"https:\\\/\\\/www.tessvacacional.com\\\/blog\\\/fr\\\/?s={search_term_string}\"},\"query-input\":{\"@type\":\"PropertyValueSpecification\",\"valueRequired\":true,\"valueName\":\"search_term_string\"}}],\"inLanguage\":\"fr-FR\"},{\"@type\":\"Person\",\"@id\":\"https:\\\/\\\/www.tessvacacional.com\\\/blog\\\/fr\\\/#\\\/schema\\\/person\\\/57153d03344cda6050ec00f78e9fa3b3\",\"name\":\"tessvacacional\",\"image\":{\"@type\":\"ImageObject\",\"inLanguage\":\"fr-FR\",\"@id\":\"https:\\\/\\\/secure.gravatar.com\\\/avatar\\\/43e21c785521e5c4c707dbb9342c96a53c45cbaff2be5bb91c8cc652424e07f5?s=96&d=mm&r=g\",\"url\":\"https:\\\/\\\/secure.gravatar.com\\\/avatar\\\/43e21c785521e5c4c707dbb9342c96a53c45cbaff2be5bb91c8cc652424e07f5?s=96&d=mm&r=g\",\"contentUrl\":\"https:\\\/\\\/secure.gravatar.com\\\/avatar\\\/43e21c785521e5c4c707dbb9342c96a53c45cbaff2be5bb91c8cc652424e07f5?s=96&d=mm&r=g\",\"caption\":\"tessvacacional\"},\"url\":\"https:\\\/\\\/www.tessvacacional.com\\\/blog\\\/fr\\\/author\\\/tessvacacional\\\/\"}]}<\/script>\n<!-- \/ Yoast SEO plugin. -->","yoast_head_json":{"title":"9 Plans avec des enfants pour profiter de vos vacances \u00e0 M\u00e1laga","description":"Si vous envisagez de vous rendre \u00e0 Malaga pour quelques jours, Tess Vacacional vous propose quelques id\u00e9es de s\u00e9jours que vous allez adorer.","robots":{"index":"index","follow":"follow","max-snippet":"max-snippet:-1","max-image-preview":"max-image-preview:large","max-video-preview":"max-video-preview:-1"},"canonical":"https:\/\/www.tessvacacional.com\/blog\/fr\/9-plans-avec-des-enfants-pour-profiter-de-vos-vacances-a-malaga\/","og_locale":"fr_FR","og_type":"article","og_title":"9 Plans avec des enfants pour profiter de vos vacances \u00e0 M\u00e1laga","og_description":"Si vous envisagez de vous rendre \u00e0 Malaga pour quelques jours, Tess Vacacional vous propose quelques id\u00e9es de s\u00e9jours que vous allez adorer.","og_url":"https:\/\/www.tessvacacional.com\/blog\/fr\/9-plans-avec-des-enfants-pour-profiter-de-vos-vacances-a-malaga\/","og_site_name":"Blog","article_published_time":"2019-01-25T15:47:38+00:00","article_modified_time":"2022-04-25T09:50:44+00:00","og_image":[{"width":1280,"height":720,"url":"https:\/\/www.tessvacacional.com\/blog\/wp-content\/uploads\/2019\/01\/Park-PixTeller.png","type":"image\/png"}],"author":"tessvacacional","twitter_card":"summary_large_image","twitter_misc":{"\u00c9crit par":"tessvacacional","Dur\u00e9e de lecture estim\u00e9e":"6 minutes"},"schema":{"@context":"https:\/\/schema.org","@graph":[{"@type":"Article","@id":"https:\/\/www.tessvacacional.com\/blog\/fr\/9-plans-avec-des-enfants-pour-profiter-de-vos-vacances-a-malaga\/#article","isPartOf":{"@id":"https:\/\/www.tessvacacional.com\/blog\/fr\/9-plans-avec-des-enfants-pour-profiter-de-vos-vacances-a-malaga\/"},"author":{"name":"tessvacacional","@id":"https:\/\/www.tessvacacional.com\/blog\/fr\/#\/schema\/person\/57153d03344cda6050ec00f78e9fa3b3"},"headline":"9 Plans avec des enfants pour profiter de vos vacances \u00e0 M\u00e1laga","datePublished":"2019-01-25T15:47:38+00:00","dateModified":"2022-04-25T09:50:44+00:00","mainEntityOfPage":{"@id":"https:\/\/www.tessvacacional.com\/blog\/fr\/9-plans-avec-des-enfants-pour-profiter-de-vos-vacances-a-malaga\/"},"wordCount":960,"image":{"@id":"https:\/\/www.tessvacacional.com\/blog\/fr\/9-plans-avec-des-enfants-pour-profiter-de-vos-vacances-a-malaga\/#primaryimage"},"thumbnailUrl":"https:\/\/www.tessvacacional.com\/blog\/wp-content\/uploads\/2019\/01\/Park-PixTeller.png","keywords":["holiday ideas","hospitality"],"articleSection":["Conseils et Astuces"],"inLanguage":"fr-FR"},{"@type":"WebPage","@id":"https:\/\/www.tessvacacional.com\/blog\/fr\/9-plans-avec-des-enfants-pour-profiter-de-vos-vacances-a-malaga\/","url":"https:\/\/www.tessvacacional.com\/blog\/fr\/9-plans-avec-des-enfants-pour-profiter-de-vos-vacances-a-malaga\/","name":"9 Plans avec des enfants pour profiter de vos vacances \u00e0 M\u00e1laga","isPartOf":{"@id":"https:\/\/www.tessvacacional.com\/blog\/fr\/#website"},"primaryImageOfPage":{"@id":"https:\/\/www.tessvacacional.com\/blog\/fr\/9-plans-avec-des-enfants-pour-profiter-de-vos-vacances-a-malaga\/#primaryimage"},"image":{"@id":"https:\/\/www.tessvacacional.com\/blog\/fr\/9-plans-avec-des-enfants-pour-profiter-de-vos-vacances-a-malaga\/#primaryimage"},"thumbnailUrl":"https:\/\/www.tessvacacional.com\/blog\/wp-content\/uploads\/2019\/01\/Park-PixTeller.png","datePublished":"2019-01-25T15:47:38+00:00","dateModified":"2022-04-25T09:50:44+00:00","author":{"@id":"https:\/\/www.tessvacacional.com\/blog\/fr\/#\/schema\/person\/57153d03344cda6050ec00f78e9fa3b3"},"description":"Si vous envisagez de vous rendre \u00e0 Malaga pour quelques jours, Tess Vacacional vous propose quelques id\u00e9es de s\u00e9jours que vous allez adorer.","breadcrumb":{"@id":"https:\/\/www.tessvacacional.com\/blog\/fr\/9-plans-avec-des-enfants-pour-profiter-de-vos-vacances-a-malaga\/#breadcrumb"},"inLanguage":"fr-FR","potentialAction":[{"@type":"ReadAction","target":["https:\/\/www.tessvacacional.com\/blog\/fr\/9-plans-avec-des-enfants-pour-profiter-de-vos-vacances-a-malaga\/"]}]},{"@type":"ImageObject","inLanguage":"fr-FR","@id":"https:\/\/www.tessvacacional.com\/blog\/fr\/9-plans-avec-des-enfants-pour-profiter-de-vos-vacances-a-malaga\/#primaryimage","url":"https:\/\/www.tessvacacional.com\/blog\/wp-content\/uploads\/2019\/01\/Park-PixTeller.png","contentUrl":"https:\/\/www.tessvacacional.com\/blog\/wp-content\/uploads\/2019\/01\/Park-PixTeller.png","width":1280,"height":720,"caption":"vacances \u00e1 m\u00e1laga"},{"@type":"BreadcrumbList","@id":"https:\/\/www.tessvacacional.com\/blog\/fr\/9-plans-avec-des-enfants-pour-profiter-de-vos-vacances-a-malaga\/#breadcrumb","itemListElement":[{"@type":"ListItem","position":1,"name":"Home","item":"https:\/\/www.tessvacacional.com\/blog\/fr\/"},{"@type":"ListItem","position":2,"name":"9 Plans avec des enfants pour profiter de vos vacances \u00e0 M\u00e1laga"}]},{"@type":"WebSite","@id":"https:\/\/www.tessvacacional.com\/blog\/fr\/#website","url":"https:\/\/www.tessvacacional.com\/blog\/fr\/","name":"Blog","description":"Tessvacacional","potentialAction":[{"@type":"SearchAction","target":{"@type":"EntryPoint","urlTemplate":"https:\/\/www.tessvacacional.com\/blog\/fr\/?s={search_term_string}"},"query-input":{"@type":"PropertyValueSpecification","valueRequired":true,"valueName":"search_term_string"}}],"inLanguage":"fr-FR"},{"@type":"Person","@id":"https:\/\/www.tessvacacional.com\/blog\/fr\/#\/schema\/person\/57153d03344cda6050ec00f78e9fa3b3","name":"tessvacacional","image":{"@type":"ImageObject","inLanguage":"fr-FR","@id":"https:\/\/secure.gravatar.com\/avatar\/43e21c785521e5c4c707dbb9342c96a53c45cbaff2be5bb91c8cc652424e07f5?s=96&d=mm&r=g","url":"https:\/\/secure.gravatar.com\/avatar\/43e21c785521e5c4c707dbb9342c96a53c45cbaff2be5bb91c8cc652424e07f5?s=96&d=mm&r=g","contentUrl":"https:\/\/secure.gravatar.com\/avatar\/43e21c785521e5c4c707dbb9342c96a53c45cbaff2be5bb91c8cc652424e07f5?s=96&d=mm&r=g","caption":"tessvacacional"},"url":"https:\/\/www.tessvacacional.com\/blog\/fr\/author\/tessvacacional\/"}]}},"_links":{"self":[{"href":"https:\/\/www.tessvacacional.com\/blog\/fr\/wp-json\/wp\/v2\/posts\/33728","targetHints":{"allow":["GET"]}}],"collection":[{"href":"https:\/\/www.tessvacacional.com\/blog\/fr\/wp-json\/wp\/v2\/posts"}],"about":[{"href":"https:\/\/www.tessvacacional.com\/blog\/fr\/wp-json\/wp\/v2\/types\/post"}],"author":[{"embeddable":true,"href":"https:\/\/www.tessvacacional.com\/blog\/fr\/wp-json\/wp\/v2\/users\/2"}],"replies":[{"embeddable":true,"href":"https:\/\/www.tessvacacional.com\/blog\/fr\/wp-json\/wp\/v2\/comments?post=33728"}],"version-history":[{"count":3,"href":"https:\/\/www.tessvacacional.com\/blog\/fr\/wp-json\/wp\/v2\/posts\/33728\/revisions"}],"predecessor-version":[{"id":33748,"href":"https:\/\/www.tessvacacional.com\/blog\/fr\/wp-json\/wp\/v2\/posts\/33728\/revisions\/33748"}],"wp:featuredmedia":[{"embeddable":true,"href":"https:\/\/www.tessvacacional.com\/blog\/fr\/wp-json\/wp\/v2\/media\/33736"}],"wp:attachment":[{"href":"https:\/\/www.tessvacacional.com\/blog\/fr\/wp-json\/wp\/v2\/media?parent=33728"}],"wp:term":[{"taxonomy":"category","embeddable":true,"href":"https:\/\/www.tessvacacional.com\/blog\/fr\/wp-json\/wp\/v2\/categories?post=33728"},{"taxonomy":"post_tag","embeddable":true,"href":"https:\/\/www.tessvacacional.com\/blog\/fr\/wp-json\/wp\/v2\/tags?post=33728"}],"curies":[{"name":"wp","href":"https:\/\/api.w.org\/{rel}","templated":true}]}}