{"id":33591,"date":"2022-02-22T12:23:00","date_gmt":"2022-02-22T12:23:00","guid":{"rendered":"https:\/\/www.tessvacacional.com\/blog\/how-to-order-a-coffee-in-malaga\/"},"modified":"2024-04-16T13:31:01","modified_gmt":"2024-04-16T13:31:01","slug":"commander-un-cafe","status":"publish","type":"post","link":"https:\/\/www.tessvacacional.com\/blog\/fr\/commander-un-cafe\/","title":{"rendered":"Connaissez-vous le syst\u00e8me pour commander un caf\u00e9 \u00e0 Malaga ?"},"content":{"rendered":"<p>Si vous avez d\u00e9j\u00e0 \u00e9t\u00e9 en vacances en Espagne et que vous avez \u00ab\u00a0essay\u00e9\u00a0\u00bb de commander un caf\u00e9, vous savez que, selon la r\u00e9gion o\u00f9 vous passez vos vacances, le caf\u00e9 peut \u00eatre appel\u00e9 d&rsquo;une mani\u00e8re ou d&rsquo;une autre. Commander un manchado ou un caf\u00e9 largo peut signifier exactement le contraire de ce que vous voulez.<br \/>\nC&rsquo;est pr\u00e9cis\u00e9ment pour cette raison que l&rsquo;on trouve \u00e0 Malaga un syst\u00e8me de d\u00e9nomination des caf\u00e9s, qui peut sembler un peu difficile \u00e0 m\u00e9moriser au premier abord, mais qui, si l&rsquo;on y r\u00e9fl\u00e9chit, a beaucoup de sens. On peut trouver jusqu&rsquo;\u00e0 neuf noms, en fonction de la proportion de caf\u00e9 ou de lait que l&rsquo;on souhaite. Connaissez-vous le syst\u00e8me pour commander un caf\u00e9 \u00e0 Malaga ? Nous allons vous en parler !<\/p>\n<p>&#8211; <strong>Caf\u00e9 Solo<\/strong>. Un caf\u00e9 pr\u00e9par\u00e9 avec du caf\u00e9 100% sans lait.<br \/>\n&#8211; <strong>Caf\u00e9 long<\/strong>. Ce deuxi\u00e8me type comprend 90% de caf\u00e9 et seulement 10% de lait, ce qui \u00e9quivaut au caf\u00e9 classique avec un peu de lait.<br \/>\n&#8211; <strong>Caf\u00e9 semi-long<\/strong>. Pr\u00e9par\u00e9s avec 80 % de caf\u00e9, ils forment avec l&rsquo;entrecorto Caf\u00e9 un duo v\u00e9ritablement malague\u00f1as et toujours exquis.<br \/>\n&#8211; <strong>Caf\u00e9 Solo Corto<\/strong>. Ce type de caf\u00e9 n&rsquo;est pas tout \u00e0 fait moiti\u00e9-moiti\u00e9 car la proportion de caf\u00e9 est de 60% et celle de lait de 40%.<br \/>\n&#8211; <strong>Un caf\u00e9 moiti\u00e9-moiti\u00e9<\/strong>. C&rsquo;est le vrai 50% &amp; 50% de caf\u00e9 et 50% de lait.<br \/>\n&#8211; <strong>Caf\u00e9 Entrecorto<\/strong>. L&rsquo;Entrecorto de Malaga est fait avec 40% de caf\u00e9 et 60% de lait.<br \/>\n&#8211; <strong>Caf\u00e9 Corto<\/strong>. Si vous aimez votre caf\u00e9 plut\u00f4t l\u00e9ger mais pas trop laiteux, le Caf\u00e9 Corto devrait \u00eatre votre choix car il est compos\u00e9 de 30% de caf\u00e9 et de 70% de lait.<br \/>\n&#8211; <strong>Caf\u00e9 Sombra<\/strong>. Aussi embl\u00e9matique que la suivante, commander une Sombra \u00e0 Malaga signifie choisir une boisson qui ne contient que 20% de caf\u00e9 et une bonne proportion de lait (80%).<br \/>\n&#8211; <strong>Caf\u00e9 Nube<\/strong>. Avec un peu moins de caf\u00e9 que dans la Sombra, la Nube de Malaga est faite avec 90% de lait et seulement 10% de caf\u00e9, c&rsquo;est-\u00e0-dire un verre de lait tach\u00e9 de caf\u00e9 ?<br \/>\n&#8211; <strong>Le caf\u00e9 ne me met pas \u00e7a sur le dos<\/strong>. C&rsquo;est sans doute le plus amusant car, comme son nom l&rsquo;indique, il comprend 0% de lait et 0% de caf\u00e9.<\/p>\n<p><img loading=\"lazy\" decoding=\"async\" class=\"aligncenter size-full wp-image-33582\" src=\"https:\/\/www.tessvacacional.com\/blog\/wp-content\/uploads\/2020\/09\/Imagen2.jpg\" alt=\"cafe central malaga\" width=\"567\" height=\"319\" \/><\/p>\n<h2>Son histoire<\/h2>\n<p>La naissance de cette id\u00e9e originale remonte \u00e0 1954, et son lieu de naissance est clair : le Caf\u00e9 Central qui, en fait, est toujours l\u00e0, dans le centre de Malaga, et dont l&rsquo;int\u00e9rieur est orn\u00e9 d&rsquo;un carrelage mural pour rappeler aux distraits ou aux visiteurs comment y commander un caf\u00e9. Bien entendu, le syst\u00e8me s&rsquo;est rapidement r\u00e9pandu et, aujourd&rsquo;hui, il n&rsquo;y a plus aucun bar de Malaga qui ne fonctionne pas avec ce code caf\u00e9 particulier.<\/p>\n<p>Comme il en manquait un pour compl\u00e9ter les deux rang\u00e9es qu&rsquo;il voulait faire, Jos\u00e9 Prado Crespo &#8211; le propri\u00e9taire &#8211; a inclus une derni\u00e8re suggestion de ses clients les plus humoristiques : \u00ab\u00a0ne le mettez pas\u00a0\u00bb.<\/p>\n<p>60 ans plus tard, c&rsquo;est devenu la norme \u00e0 Malaga pour commander un caf\u00e9.<\/p>\n<p>Ainsi, m\u00eame si les vertus de la ville ne sont pas peu nombreuses pour m\u00e9riter une visite, son syst\u00e8me particulier de classification des caf\u00e9s ajoute sans aucun doute \u00e0 l&rsquo;attrait de la ville pour ceux qui, comme moi, aiment le caf\u00e9.<\/p>\n<p>Dans votre quartier ou votre ville, comment nommez-vous les caf\u00e9s ?<\/p>\n","protected":false},"excerpt":{"rendered":"<p>Si vous avez d\u00e9j\u00e0 \u00e9t\u00e9 en vacances en Espagne et que vous avez \u00ab\u00a0essay\u00e9\u00a0\u00bb de commander un caf\u00e9, vous savez que, selon la r\u00e9gion o\u00f9 vous passez vos vacances, le caf\u00e9 peut \u00eatre appel\u00e9 d&rsquo;une mani\u00e8re ou d&rsquo;une autre. Commander un manchado ou un caf\u00e9 largo peut signifier exactement le contraire de ce que vous voulez.<\/p>\n","protected":false},"author":2,"featured_media":33580,"comment_status":"closed","ping_status":"open","sticky":false,"template":"","format":"standard","meta":{"footnotes":""},"categories":[25],"tags":[20,21],"class_list":["post-33591","post","type-post","status-publish","format-standard","has-post-thumbnail","hentry","category-conseils-et-astuces","tag-holiday-ideas-fr","tag-hospitality-fr"],"yoast_head":"<!-- This site is optimized with the Yoast SEO plugin v27.5 - https:\/\/yoast.com\/product\/yoast-seo-wordpress\/ -->\n<title>Connaissez-vous le syst\u00e8me pour commander un caf\u00e9 \u00e0 Malaga ? - Blog<\/title>\n<meta name=\"description\" content=\"Si vous avez d\u00e9j\u00e0 \u00e9t\u00e9 en vacances en Espagne et que vous avez &quot;essay\u00e9&quot; de commander un caf\u00e9, vous savez que, selon la r\u00e9gion o\u00f9 vous pas...\" \/>\n<meta name=\"robots\" content=\"index, follow, max-snippet:-1, max-image-preview:large, max-video-preview:-1\" \/>\n<link rel=\"canonical\" href=\"https:\/\/www.tessvacacional.com\/blog\/fr\/commander-un-cafe\/\" \/>\n<meta property=\"og:locale\" content=\"fr_FR\" \/>\n<meta property=\"og:type\" content=\"article\" \/>\n<meta property=\"og:title\" content=\"Connaissez-vous le syst\u00e8me pour commander un caf\u00e9 \u00e0 Malaga ? - Blog\" \/>\n<meta property=\"og:description\" content=\"Si vous avez d\u00e9j\u00e0 \u00e9t\u00e9 en vacances en Espagne et que vous avez &quot;essay\u00e9&quot; de commander un caf\u00e9, vous savez que, selon la r\u00e9gion o\u00f9 vous pas...\" \/>\n<meta property=\"og:url\" content=\"https:\/\/www.tessvacacional.com\/blog\/fr\/commander-un-cafe\/\" \/>\n<meta property=\"og:site_name\" content=\"Blog\" \/>\n<meta property=\"article:published_time\" content=\"2022-02-22T12:23:00+00:00\" \/>\n<meta property=\"article:modified_time\" content=\"2024-04-16T13:31:01+00:00\" \/>\n<meta property=\"og:image\" content=\"https:\/\/www.tessvacacional.com\/blog\/wp-content\/uploads\/2020\/09\/Imagen1.jpg\" \/>\n\t<meta property=\"og:image:width\" content=\"564\" \/>\n\t<meta property=\"og:image:height\" content=\"564\" \/>\n\t<meta property=\"og:image:type\" content=\"image\/jpeg\" \/>\n<meta name=\"author\" content=\"tessvacacional\" \/>\n<meta name=\"twitter:card\" content=\"summary_large_image\" \/>\n<meta name=\"twitter:label1\" content=\"\u00c9crit par\" \/>\n\t<meta name=\"twitter:data1\" content=\"tessvacacional\" \/>\n\t<meta name=\"twitter:label2\" content=\"Dur\u00e9e de lecture estim\u00e9e\" \/>\n\t<meta name=\"twitter:data2\" content=\"3 minutes\" \/>\n<script type=\"application\/ld+json\" class=\"yoast-schema-graph\">{\"@context\":\"https:\\\/\\\/schema.org\",\"@graph\":[{\"@type\":\"Article\",\"@id\":\"https:\\\/\\\/www.tessvacacional.com\\\/blog\\\/fr\\\/commander-un-cafe\\\/#article\",\"isPartOf\":{\"@id\":\"https:\\\/\\\/www.tessvacacional.com\\\/blog\\\/fr\\\/commander-un-cafe\\\/\"},\"author\":{\"name\":\"tessvacacional\",\"@id\":\"https:\\\/\\\/www.tessvacacional.com\\\/blog\\\/fr\\\/#\\\/schema\\\/person\\\/57153d03344cda6050ec00f78e9fa3b3\"},\"headline\":\"Connaissez-vous le syst\u00e8me pour commander un caf\u00e9 \u00e0 Malaga ?\",\"datePublished\":\"2022-02-22T12:23:00+00:00\",\"dateModified\":\"2024-04-16T13:31:01+00:00\",\"mainEntityOfPage\":{\"@id\":\"https:\\\/\\\/www.tessvacacional.com\\\/blog\\\/fr\\\/commander-un-cafe\\\/\"},\"wordCount\":592,\"image\":{\"@id\":\"https:\\\/\\\/www.tessvacacional.com\\\/blog\\\/fr\\\/commander-un-cafe\\\/#primaryimage\"},\"thumbnailUrl\":\"https:\\\/\\\/www.tessvacacional.com\\\/blog\\\/wp-content\\\/uploads\\\/2020\\\/09\\\/Imagen1.jpg\",\"keywords\":[\"holiday ideas\",\"hospitality\"],\"articleSection\":[\"Conseils et Astuces\"],\"inLanguage\":\"fr-FR\"},{\"@type\":\"WebPage\",\"@id\":\"https:\\\/\\\/www.tessvacacional.com\\\/blog\\\/fr\\\/commander-un-cafe\\\/\",\"url\":\"https:\\\/\\\/www.tessvacacional.com\\\/blog\\\/fr\\\/commander-un-cafe\\\/\",\"name\":\"Connaissez-vous le syst\u00e8me pour commander un caf\u00e9 \u00e0 Malaga ? - Blog\",\"isPartOf\":{\"@id\":\"https:\\\/\\\/www.tessvacacional.com\\\/blog\\\/fr\\\/#website\"},\"primaryImageOfPage\":{\"@id\":\"https:\\\/\\\/www.tessvacacional.com\\\/blog\\\/fr\\\/commander-un-cafe\\\/#primaryimage\"},\"image\":{\"@id\":\"https:\\\/\\\/www.tessvacacional.com\\\/blog\\\/fr\\\/commander-un-cafe\\\/#primaryimage\"},\"thumbnailUrl\":\"https:\\\/\\\/www.tessvacacional.com\\\/blog\\\/wp-content\\\/uploads\\\/2020\\\/09\\\/Imagen1.jpg\",\"datePublished\":\"2022-02-22T12:23:00+00:00\",\"dateModified\":\"2024-04-16T13:31:01+00:00\",\"author\":{\"@id\":\"https:\\\/\\\/www.tessvacacional.com\\\/blog\\\/fr\\\/#\\\/schema\\\/person\\\/57153d03344cda6050ec00f78e9fa3b3\"},\"description\":\"Si vous avez d\u00e9j\u00e0 \u00e9t\u00e9 en vacances en Espagne et que vous avez \\\"essay\u00e9\\\" de commander un caf\u00e9, vous savez que, selon la r\u00e9gion o\u00f9 vous pas...\",\"breadcrumb\":{\"@id\":\"https:\\\/\\\/www.tessvacacional.com\\\/blog\\\/fr\\\/commander-un-cafe\\\/#breadcrumb\"},\"inLanguage\":\"fr-FR\",\"potentialAction\":[{\"@type\":\"ReadAction\",\"target\":[\"https:\\\/\\\/www.tessvacacional.com\\\/blog\\\/fr\\\/commander-un-cafe\\\/\"]}]},{\"@type\":\"ImageObject\",\"inLanguage\":\"fr-FR\",\"@id\":\"https:\\\/\\\/www.tessvacacional.com\\\/blog\\\/fr\\\/commander-un-cafe\\\/#primaryimage\",\"url\":\"https:\\\/\\\/www.tessvacacional.com\\\/blog\\\/wp-content\\\/uploads\\\/2020\\\/09\\\/Imagen1.jpg\",\"contentUrl\":\"https:\\\/\\\/www.tessvacacional.com\\\/blog\\\/wp-content\\\/uploads\\\/2020\\\/09\\\/Imagen1.jpg\",\"width\":564,\"height\":564,\"caption\":\"pedir un cafe malaga\"},{\"@type\":\"BreadcrumbList\",\"@id\":\"https:\\\/\\\/www.tessvacacional.com\\\/blog\\\/fr\\\/commander-un-cafe\\\/#breadcrumb\",\"itemListElement\":[{\"@type\":\"ListItem\",\"position\":1,\"name\":\"Home\",\"item\":\"https:\\\/\\\/www.tessvacacional.com\\\/blog\\\/fr\\\/\"},{\"@type\":\"ListItem\",\"position\":2,\"name\":\"Connaissez-vous le syst\u00e8me pour commander un caf\u00e9 \u00e0 Malaga ?\"}]},{\"@type\":\"WebSite\",\"@id\":\"https:\\\/\\\/www.tessvacacional.com\\\/blog\\\/fr\\\/#website\",\"url\":\"https:\\\/\\\/www.tessvacacional.com\\\/blog\\\/fr\\\/\",\"name\":\"Blog\",\"description\":\"Tessvacacional\",\"potentialAction\":[{\"@type\":\"SearchAction\",\"target\":{\"@type\":\"EntryPoint\",\"urlTemplate\":\"https:\\\/\\\/www.tessvacacional.com\\\/blog\\\/fr\\\/?s={search_term_string}\"},\"query-input\":{\"@type\":\"PropertyValueSpecification\",\"valueRequired\":true,\"valueName\":\"search_term_string\"}}],\"inLanguage\":\"fr-FR\"},{\"@type\":\"Person\",\"@id\":\"https:\\\/\\\/www.tessvacacional.com\\\/blog\\\/fr\\\/#\\\/schema\\\/person\\\/57153d03344cda6050ec00f78e9fa3b3\",\"name\":\"tessvacacional\",\"image\":{\"@type\":\"ImageObject\",\"inLanguage\":\"fr-FR\",\"@id\":\"https:\\\/\\\/secure.gravatar.com\\\/avatar\\\/43e21c785521e5c4c707dbb9342c96a53c45cbaff2be5bb91c8cc652424e07f5?s=96&d=mm&r=g\",\"url\":\"https:\\\/\\\/secure.gravatar.com\\\/avatar\\\/43e21c785521e5c4c707dbb9342c96a53c45cbaff2be5bb91c8cc652424e07f5?s=96&d=mm&r=g\",\"contentUrl\":\"https:\\\/\\\/secure.gravatar.com\\\/avatar\\\/43e21c785521e5c4c707dbb9342c96a53c45cbaff2be5bb91c8cc652424e07f5?s=96&d=mm&r=g\",\"caption\":\"tessvacacional\"},\"url\":\"https:\\\/\\\/www.tessvacacional.com\\\/blog\\\/fr\\\/author\\\/tessvacacional\\\/\"}]}<\/script>\n<!-- \/ Yoast SEO plugin. -->","yoast_head_json":{"title":"Connaissez-vous le syst\u00e8me pour commander un caf\u00e9 \u00e0 Malaga ? - Blog","description":"Si vous avez d\u00e9j\u00e0 \u00e9t\u00e9 en vacances en Espagne et que vous avez \"essay\u00e9\" de commander un caf\u00e9, vous savez que, selon la r\u00e9gion o\u00f9 vous pas...","robots":{"index":"index","follow":"follow","max-snippet":"max-snippet:-1","max-image-preview":"max-image-preview:large","max-video-preview":"max-video-preview:-1"},"canonical":"https:\/\/www.tessvacacional.com\/blog\/fr\/commander-un-cafe\/","og_locale":"fr_FR","og_type":"article","og_title":"Connaissez-vous le syst\u00e8me pour commander un caf\u00e9 \u00e0 Malaga ? - Blog","og_description":"Si vous avez d\u00e9j\u00e0 \u00e9t\u00e9 en vacances en Espagne et que vous avez \"essay\u00e9\" de commander un caf\u00e9, vous savez que, selon la r\u00e9gion o\u00f9 vous pas...","og_url":"https:\/\/www.tessvacacional.com\/blog\/fr\/commander-un-cafe\/","og_site_name":"Blog","article_published_time":"2022-02-22T12:23:00+00:00","article_modified_time":"2024-04-16T13:31:01+00:00","og_image":[{"width":564,"height":564,"url":"https:\/\/www.tessvacacional.com\/blog\/wp-content\/uploads\/2020\/09\/Imagen1.jpg","type":"image\/jpeg"}],"author":"tessvacacional","twitter_card":"summary_large_image","twitter_misc":{"\u00c9crit par":"tessvacacional","Dur\u00e9e de lecture estim\u00e9e":"3 minutes"},"schema":{"@context":"https:\/\/schema.org","@graph":[{"@type":"Article","@id":"https:\/\/www.tessvacacional.com\/blog\/fr\/commander-un-cafe\/#article","isPartOf":{"@id":"https:\/\/www.tessvacacional.com\/blog\/fr\/commander-un-cafe\/"},"author":{"name":"tessvacacional","@id":"https:\/\/www.tessvacacional.com\/blog\/fr\/#\/schema\/person\/57153d03344cda6050ec00f78e9fa3b3"},"headline":"Connaissez-vous le syst\u00e8me pour commander un caf\u00e9 \u00e0 Malaga ?","datePublished":"2022-02-22T12:23:00+00:00","dateModified":"2024-04-16T13:31:01+00:00","mainEntityOfPage":{"@id":"https:\/\/www.tessvacacional.com\/blog\/fr\/commander-un-cafe\/"},"wordCount":592,"image":{"@id":"https:\/\/www.tessvacacional.com\/blog\/fr\/commander-un-cafe\/#primaryimage"},"thumbnailUrl":"https:\/\/www.tessvacacional.com\/blog\/wp-content\/uploads\/2020\/09\/Imagen1.jpg","keywords":["holiday ideas","hospitality"],"articleSection":["Conseils et Astuces"],"inLanguage":"fr-FR"},{"@type":"WebPage","@id":"https:\/\/www.tessvacacional.com\/blog\/fr\/commander-un-cafe\/","url":"https:\/\/www.tessvacacional.com\/blog\/fr\/commander-un-cafe\/","name":"Connaissez-vous le syst\u00e8me pour commander un caf\u00e9 \u00e0 Malaga ? - Blog","isPartOf":{"@id":"https:\/\/www.tessvacacional.com\/blog\/fr\/#website"},"primaryImageOfPage":{"@id":"https:\/\/www.tessvacacional.com\/blog\/fr\/commander-un-cafe\/#primaryimage"},"image":{"@id":"https:\/\/www.tessvacacional.com\/blog\/fr\/commander-un-cafe\/#primaryimage"},"thumbnailUrl":"https:\/\/www.tessvacacional.com\/blog\/wp-content\/uploads\/2020\/09\/Imagen1.jpg","datePublished":"2022-02-22T12:23:00+00:00","dateModified":"2024-04-16T13:31:01+00:00","author":{"@id":"https:\/\/www.tessvacacional.com\/blog\/fr\/#\/schema\/person\/57153d03344cda6050ec00f78e9fa3b3"},"description":"Si vous avez d\u00e9j\u00e0 \u00e9t\u00e9 en vacances en Espagne et que vous avez \"essay\u00e9\" de commander un caf\u00e9, vous savez que, selon la r\u00e9gion o\u00f9 vous pas...","breadcrumb":{"@id":"https:\/\/www.tessvacacional.com\/blog\/fr\/commander-un-cafe\/#breadcrumb"},"inLanguage":"fr-FR","potentialAction":[{"@type":"ReadAction","target":["https:\/\/www.tessvacacional.com\/blog\/fr\/commander-un-cafe\/"]}]},{"@type":"ImageObject","inLanguage":"fr-FR","@id":"https:\/\/www.tessvacacional.com\/blog\/fr\/commander-un-cafe\/#primaryimage","url":"https:\/\/www.tessvacacional.com\/blog\/wp-content\/uploads\/2020\/09\/Imagen1.jpg","contentUrl":"https:\/\/www.tessvacacional.com\/blog\/wp-content\/uploads\/2020\/09\/Imagen1.jpg","width":564,"height":564,"caption":"pedir un cafe malaga"},{"@type":"BreadcrumbList","@id":"https:\/\/www.tessvacacional.com\/blog\/fr\/commander-un-cafe\/#breadcrumb","itemListElement":[{"@type":"ListItem","position":1,"name":"Home","item":"https:\/\/www.tessvacacional.com\/blog\/fr\/"},{"@type":"ListItem","position":2,"name":"Connaissez-vous le syst\u00e8me pour commander un caf\u00e9 \u00e0 Malaga ?"}]},{"@type":"WebSite","@id":"https:\/\/www.tessvacacional.com\/blog\/fr\/#website","url":"https:\/\/www.tessvacacional.com\/blog\/fr\/","name":"Blog","description":"Tessvacacional","potentialAction":[{"@type":"SearchAction","target":{"@type":"EntryPoint","urlTemplate":"https:\/\/www.tessvacacional.com\/blog\/fr\/?s={search_term_string}"},"query-input":{"@type":"PropertyValueSpecification","valueRequired":true,"valueName":"search_term_string"}}],"inLanguage":"fr-FR"},{"@type":"Person","@id":"https:\/\/www.tessvacacional.com\/blog\/fr\/#\/schema\/person\/57153d03344cda6050ec00f78e9fa3b3","name":"tessvacacional","image":{"@type":"ImageObject","inLanguage":"fr-FR","@id":"https:\/\/secure.gravatar.com\/avatar\/43e21c785521e5c4c707dbb9342c96a53c45cbaff2be5bb91c8cc652424e07f5?s=96&d=mm&r=g","url":"https:\/\/secure.gravatar.com\/avatar\/43e21c785521e5c4c707dbb9342c96a53c45cbaff2be5bb91c8cc652424e07f5?s=96&d=mm&r=g","contentUrl":"https:\/\/secure.gravatar.com\/avatar\/43e21c785521e5c4c707dbb9342c96a53c45cbaff2be5bb91c8cc652424e07f5?s=96&d=mm&r=g","caption":"tessvacacional"},"url":"https:\/\/www.tessvacacional.com\/blog\/fr\/author\/tessvacacional\/"}]}},"_links":{"self":[{"href":"https:\/\/www.tessvacacional.com\/blog\/fr\/wp-json\/wp\/v2\/posts\/33591","targetHints":{"allow":["GET"]}}],"collection":[{"href":"https:\/\/www.tessvacacional.com\/blog\/fr\/wp-json\/wp\/v2\/posts"}],"about":[{"href":"https:\/\/www.tessvacacional.com\/blog\/fr\/wp-json\/wp\/v2\/types\/post"}],"author":[{"embeddable":true,"href":"https:\/\/www.tessvacacional.com\/blog\/fr\/wp-json\/wp\/v2\/users\/2"}],"replies":[{"embeddable":true,"href":"https:\/\/www.tessvacacional.com\/blog\/fr\/wp-json\/wp\/v2\/comments?post=33591"}],"version-history":[{"count":6,"href":"https:\/\/www.tessvacacional.com\/blog\/fr\/wp-json\/wp\/v2\/posts\/33591\/revisions"}],"predecessor-version":[{"id":37441,"href":"https:\/\/www.tessvacacional.com\/blog\/fr\/wp-json\/wp\/v2\/posts\/33591\/revisions\/37441"}],"wp:featuredmedia":[{"embeddable":true,"href":"https:\/\/www.tessvacacional.com\/blog\/fr\/wp-json\/wp\/v2\/media\/33580"}],"wp:attachment":[{"href":"https:\/\/www.tessvacacional.com\/blog\/fr\/wp-json\/wp\/v2\/media?parent=33591"}],"wp:term":[{"taxonomy":"category","embeddable":true,"href":"https:\/\/www.tessvacacional.com\/blog\/fr\/wp-json\/wp\/v2\/categories?post=33591"},{"taxonomy":"post_tag","embeddable":true,"href":"https:\/\/www.tessvacacional.com\/blog\/fr\/wp-json\/wp\/v2\/tags?post=33591"}],"curies":[{"name":"wp","href":"https:\/\/api.w.org\/{rel}","templated":true}]}}